{"id":16,"date":"2015-08-11T19:47:03","date_gmt":"2015-08-12T00:17:03","guid":{"rendered":"http:\/\/antropologiasdelsur.org.ve\/?p=16"},"modified":"2024-02-14T20:53:37","modified_gmt":"2024-02-15T01:23:37","slug":"jornadas-nacionales-preparatorias","status":"publish","type":"post","link":"https:\/\/antropologiasdelsur.org\/?p=16","title":{"rendered":"Jornadas Nacionales Preparatorias"},"content":{"rendered":"<p align=\"center\"><span style=\"font-family: Times New Roman,serif;\"><span style=\"font-size: x-large;\"><b>JORNADAS NACIONALES PREPARATORIAS PARA EL CONGRESO INTERNACIONAL DE ANTROPOLOG\u00cdA DEL SUR 2015<\/b><\/span><\/span><\/p>\n<p align=\"center\"><span style=\"font-family: Times New Roman,serif;\"><span style=\"font-size: large;\"><b>Organizadas por el Doctorado en Antropolog\u00eda de la Universidad de Los Andes<\/b><\/span><\/span><\/p>\n<p align=\"center\"><span style=\"font-family: Times New Roman,serif;\"><span style=\"font-size: medium;\"><b>COMIT\u00c9 ORGANIZADOR:<\/b><\/span><\/span><\/p>\n<p align=\"center\"><span style=\"font-family: Times New Roman,serif;\"><span style=\"font-size: medium;\">Dra. Jacqueline Clarac de Brice\u00f1o, presidenta<\/span><\/span><\/p>\n<p align=\"center\"><span style=\"font-family: Times New Roman,serif;\"><span style=\"font-size: medium;\">MSC. Annel del Mar Mej\u00edas Guiza, profesora de la Maestr\u00eda en Etnolog\u00eda-ULA<\/span><\/span><\/p>\n<p align=\"center\"><span style=\"font-family: Times New Roman,serif;\"><span style=\"font-size: medium;\">MSC. Yanitza Albarr\u00e1n, candidata a Doctora en Antropolog\u00eda-ULA<\/span><\/span><\/p>\n<p align=\"center\"><span style=\"font-family: Times New Roman,serif;\"><span style=\"font-size: medium;\"><b>EXPOSICI\u00d3N DE MOTIVOS:<\/b><\/span><\/span><\/p>\n<p align=\"justify\"><span style=\"font-family: Times New Roman,serif;\"><span style=\"font-size: medium;\">Las <\/span><\/span><span style=\"font-family: Times New Roman,serif;\"><span style=\"font-size: medium;\"><b>Jornadas Nacionales preparatorias para el Primer Congreso Internacional de Antropolog\u00eda del Sur<\/b><\/span><\/span><span style=\"font-family: Times New Roman,serif;\"><span style=\"font-size: medium;\"> se realizar\u00e1n el lunes 5, el martes 6 y el mi\u00e9rcoles 7 de octubre del a\u00f1o 2015 en la ciudad de M\u00e9rida, estado M\u00e9rida, Venezuela.<\/span><\/span><\/p>\n<p align=\"justify\"><span style=\"font-family: Times New Roman,serif;\"><span style=\"font-size: medium;\">Dichas Jornadas Nacionales formar\u00e1n parte de las actividades previas del <\/span><\/span><span style=\"font-family: Times New Roman,serif;\"><span style=\"font-size: medium;\">Primer Congreso Internacional de Antropolog\u00eda del Sur 2016, organizado por el Doctorado en Antropolog\u00eda, postgrado del Museo Arqueol\u00f3gico \u201c<\/span><\/span><span style=\"font-family: Times New Roman,serif;\"><span style=\"font-size: medium;\"><i>Gonzalo Rinc\u00f3n Guti\u00e9rrez<\/i><\/span><\/span><span style=\"font-family: Times New Roman,serif;\"><span style=\"font-size: medium;\">\u201d, de la Universidad de Los Andes, coordinado por la doctora Jacqueline Clarac, el cual se realizar\u00e1 a finales de mayo del a\u00f1o 2016.<\/span><\/span><\/p>\n<p align=\"justify\"><span style=\"font-family: Times New Roman,serif;\"><span style=\"font-size: medium;\">Con el fin de prepararnos para dicho evento internacional, realizaremos estas Jornadas Nacionales como estudiantes, investigadores y ya graduados en la Maestr\u00eda en Etnolog\u00eda, menci\u00f3n Etnohistoria, y el Doctorado en Antropolog\u00eda, postgrados fundados por la doctora Clarac, quien ha impulsado la propuesta de construir una Antropolog\u00eda del Sur en Venezuela.<\/span><\/span><\/p>\n<p align=\"justify\"><span style=\"font-family: Times New Roman,serif;\"><span style=\"font-size: medium;\">Uno de los objetivos de las Jornadas Nacionales se centrar\u00e1 en crear con las visiones de los participantes la <\/span><\/span><span style=\"font-family: Times New Roman,serif;\"><span style=\"font-size: medium;\"><b>Red Interdisciplinaria e Interinstitucional de Antropolog\u00eda del Sur de Venezuela<\/b><\/span><\/span><span style=\"font-family: Times New Roman,serif;\"><span style=\"font-size: medium;\">. Para esto, abriremos mesas de debate, sin presentaci\u00f3n de ponencias, con temas generadores que permitan justamente el debate sobre a qu\u00e9 llamamos Antropolog\u00eda del Sur, si estamos haciendo Antropolog\u00eda del Sur en el pa\u00eds, c\u00f3mo podemos construir las propuestas epistemol\u00f3gicas de la Antropolog\u00eda del Sur y c\u00f3mo podemos agruparnos para integrarnos en las l\u00edneas de investigaci\u00f3n que desarrollamos y para, adem\u00e1s, ser una voz unificada en el pa\u00eds.<\/span><\/span><\/p>\n<p><a href=\"https:\/\/i0.wp.com\/antropologiasdelsur.org\/wp-content\/uploads\/2015\/08\/Programa-Jornadas-WEB-FINAL.jpg\"><img data-recalc-dims=\"1\" fetchpriority=\"high\" decoding=\"async\" data-attachment-id=\"85\" data-permalink=\"https:\/\/antropologiasdelsur.org\/?attachment_id=85#main\" data-orig-file=\"https:\/\/i0.wp.com\/antropologiasdelsur.org\/wp-content\/uploads\/2015\/08\/Programa-Jornadas-WEB-FINAL.jpg?fit=2240%2C3417&amp;ssl=1\" data-orig-size=\"2240,3417\" data-comments-opened=\"1\" data-image-meta=\"{&quot;aperture&quot;:&quot;0&quot;,&quot;credit&quot;:&quot;&quot;,&quot;camera&quot;:&quot;&quot;,&quot;caption&quot;:&quot;&quot;,&quot;created_timestamp&quot;:&quot;0&quot;,&quot;copyright&quot;:&quot;&quot;,&quot;focal_length&quot;:&quot;0&quot;,&quot;iso&quot;:&quot;0&quot;,&quot;shutter_speed&quot;:&quot;0&quot;,&quot;title&quot;:&quot;Imprimir&quot;,&quot;orientation&quot;:&quot;1&quot;}\" data-image-title=\"Jornadas Nacionales Poster\" data-image-description=\"\" data-image-caption=\"\" data-large-file=\"https:\/\/i0.wp.com\/antropologiasdelsur.org\/wp-content\/uploads\/2015\/08\/Programa-Jornadas-WEB-FINAL.jpg?fit=671%2C1024&amp;ssl=1\" class=\"aligncenter wp-image-85 size-large\" src=\"https:\/\/i0.wp.com\/antropologiasdelsur.org\/wp-content\/uploads\/2015\/08\/Programa-Jornadas-WEB-FINAL-671x1024.jpg?resize=656%2C1001\" alt=\"Jornadas Nacionales Poster\" width=\"656\" height=\"1001\" srcset=\"https:\/\/i0.wp.com\/antropologiasdelsur.org\/wp-content\/uploads\/2015\/08\/Programa-Jornadas-WEB-FINAL.jpg?resize=671%2C1024&amp;ssl=1 671w, https:\/\/i0.wp.com\/antropologiasdelsur.org\/wp-content\/uploads\/2015\/08\/Programa-Jornadas-WEB-FINAL.jpg?resize=197%2C300&amp;ssl=1 197w\" sizes=\"(max-width: 656px) 100vw, 656px\" \/><\/a><\/p>\n<div id=\"divCleekiAttrib\" style=\"display: none;\"><\/div>\n<div id=\"divCleekiAttrib\" style=\"display: none;\"><\/div>\n<div id=\"divCleekiAttrib\" style=\"display: none;\"><\/div>\n","protected":false},"excerpt":{"rendered":"<p>JORNADAS NACIONALES PREPARATORIAS PARA EL CONGRESO INTERNACIONAL DE ANTROPOLOG\u00cdA DEL SUR 2015 Organizadas por el Doctorado en Antropolog\u00eda de la Universidad de Los Andes COMIT\u00c9 ORGANIZADOR: Dra. Jacqueline Clarac de Brice\u00f1o, presidenta MSC. Annel del Mar Mej\u00edas Guiza, profesora de la Maestr\u00eda en Etnolog\u00eda-ULA MSC. Yanitza Albarr\u00e1n, candidata a Doctora en Antropolog\u00eda-ULA EXPOSICI\u00d3N DE MOTIVOS:<\/p>\n<p><a href=\"https:\/\/antropologiasdelsur.org\/?p=16\" class=\"more-link themebutton\">Leer m\u00e1s<\/a><\/p>\n","protected":false},"author":2,"featured_media":0,"comment_status":"open","ping_status":"open","sticky":false,"template":"","format":"standard","meta":{"_jetpack_newsletter_access":"","_jetpack_dont_email_post_to_subs":false,"_jetpack_newsletter_tier_id":0,"_jetpack_memberships_contains_paywalled_content":false,"_jetpack_memberships_contains_paid_content":false,"footnotes":""},"categories":[1],"tags":[5,7,11,6],"class_list":["post-16","post","type-post","status-publish","format-standard","hentry","category-primer-congreso","tag-antropologias-del-sur","tag-congreso","tag-jornadas-nacionales-antropologia","tag-jornadas-preparatorias"],"jetpack_featured_media_url":"","jetpack_sharing_enabled":true,"jetpack_shortlink":"https:\/\/wp.me\/p7en3k-g","jetpack-related-posts":[{"id":182,"url":"https:\/\/antropologiasdelsur.org\/?p=182","url_meta":{"origin":16,"position":0},"title":"En Zulia se disert\u00f3 sobre el Eje Tem\u00e1tico Antropolog\u00eda Pol\u00edtica del Sur y Decolonizaci\u00f3n del Pensamiento","author":"Annel Mej\u00edas","date":"26\/05\/2016","format":false,"excerpt":"T y F\/A.M.G-Prensa Red de Antropolog\u00edas del Sur (CNP Nro. 11.320) \u00a0 Como una actividad pre-evento al Primer Congreso Internacional de Antropolog\u00edas del Sur 2016, se realizaron desde el 17 al 19 de febrero de este a\u00f1o en el estado Zulia, Venezuela, las Jornadas Preparatorias del Eje Tem\u00e1tico Antropolog\u00edas y\u2026","rel":"","context":"En \u00abPrimer Congreso\u00bb","block_context":{"text":"Primer Congreso","link":"https:\/\/antropologiasdelsur.org\/?cat=1"},"img":{"alt_text":"Foto 1 Prof. \u00c1ngel Oro\u00f1o","src":"https:\/\/i0.wp.com\/antropologiasdelsur.org\/wp-content\/uploads\/2016\/05\/Foto-1-Prof.-%C3%81ngel-Oro%C3%B1o-300x225.jpg?resize=350%2C200","width":350,"height":200},"classes":[]},{"id":129,"url":"https:\/\/antropologiasdelsur.org\/?p=129","url_meta":{"origin":16,"position":1},"title":"Tercera Circular del Congreso Internacional","author":"Annel Mej\u00edas","date":"09\/02\/2016","format":false,"excerpt":"Presentamos nuestra Tercera Circular del Primer Congreso Internacional de Antropolog\u00edas del Sur 2016, a realizarse del 10 al 15 de octubre de este a\u00f1o. \u00a0 FECHA: Inscripciones: la preinscripci\u00f3n se realizar\u00e1 por nuestra p\u00e1gina electr\u00f3nica a trav\u00e9s de un formato digital; pueden enviar para su evaluaci\u00f3n los res\u00famenes de ponencia\u2026","rel":"","context":"En \u00abPrimer Congreso\u00bb","block_context":{"text":"Primer Congreso","link":"https:\/\/antropologiasdelsur.org\/?cat=1"},"img":{"alt_text":"Logo ULA","src":"https:\/\/i0.wp.com\/antropologiasdelsur.org\/wp-content\/uploads\/2016\/02\/Logo-ULA-300x81.jpg?resize=350%2C200","width":350,"height":200},"classes":[]},{"id":333,"url":"https:\/\/antropologiasdelsur.org\/?p=333","url_meta":{"origin":16,"position":2},"title":"Invitamos a leer los programas de los 16 simposios del Primer Congreso Internacional de Antropolog\u00edas del Sur 2016","author":"Annel Mej\u00edas","date":"01\/10\/2016","format":false,"excerpt":"El Primer Congreso Internacional de Antropolog\u00edas del Sur 2016 les presenta la programaci\u00f3n de sus 16 simposios, distribuidos en ocho ejes tem\u00e1ticos, a realizarse el martes 11, el jueves 13 y el viernes 14 de octubre pr\u00f3ximo en la ciudad de M\u00e9rida, Venezuela. Les recordamos que la entrada es libre\u2026","rel":"","context":"En \u00abPrimer Congreso\u00bb","block_context":{"text":"Primer Congreso","link":"https:\/\/antropologiasdelsur.org\/?cat=1"},"img":{"alt_text":"programa-simposio-1-congreso-antropologias-del-sur_page_1","src":"https:\/\/i0.wp.com\/antropologiasdelsur.org\/wp-content\/uploads\/2016\/10\/Programa-Simposio-1-Congreso-Antropolog%C3%ADas-del-Sur_Page_1-220x300.jpg?resize=350%2C200","width":350,"height":200,"srcset":"https:\/\/i0.wp.com\/antropologiasdelsur.org\/wp-content\/uploads\/2016\/10\/Programa-Simposio-1-Congreso-Antropolog%C3%ADas-del-Sur_Page_1-220x300.jpg?resize=350%2C200 1x, https:\/\/i0.wp.com\/antropologiasdelsur.org\/wp-content\/uploads\/2016\/10\/Programa-Simposio-1-Congreso-Antropolog%C3%ADas-del-Sur_Page_1-220x300.jpg?resize=525%2C300 1.5x, https:\/\/i0.wp.com\/antropologiasdelsur.org\/wp-content\/uploads\/2016\/10\/Programa-Simposio-1-Congreso-Antropolog%C3%ADas-del-Sur_Page_1-220x300.jpg?resize=700%2C400 2x"},"classes":[]},{"id":19,"url":"https:\/\/antropologiasdelsur.org\/?p=19","url_meta":{"origin":16,"position":3},"title":"Convocatoria al Congreso Internacional","author":"Annel Mej\u00edas","date":"20\/08\/2015","format":false,"excerpt":"El Congreso\u00a0 Internacional Antropolog\u00eda del Sur se realizar\u00e1 en M\u00e9rida, Venezuela del 10 a 15 de Octubre del 2016. Convocatoria en castellano Convocatoria en ingl\u00e9s Convocatoria en franc\u00e9s","rel":"","context":"En \u00abPrimer Congreso\u00bb","block_context":{"text":"Primer Congreso","link":"https:\/\/antropologiasdelsur.org\/?cat=1"},"img":{"alt_text":"","src":"","width":0,"height":0},"classes":[]},{"id":410,"url":"https:\/\/antropologiasdelsur.org\/?p=410","url_meta":{"origin":16,"position":4},"title":"Presidenta del 1er Congreso Internacional de Antropolog\u00edas del Sur 2016 invita a formar una red","author":"Annel Mej\u00edas","date":"17\/10\/2016","format":false,"excerpt":"M\u00e9rida, 11 de octubre. El pleno del auditorio del Colegio Universitario Hotel Escuela de los Andes Venezolanos (CUHELAV) escuch\u00f3 las palabras de la doctora Jacqueline Clarac en su conferencia central como presidenta del I Congreso Internacional de Antropolog\u00edas del Sur 2016, en la cual hil\u00f3 episodios de su experiencia como\u2026","rel":"","context":"En \u00abPrimer Congreso\u00bb","block_context":{"text":"Primer Congreso","link":"https:\/\/antropologiasdelsur.org\/?cat=1"},"img":{"alt_text":"dsc_0287","src":"https:\/\/i0.wp.com\/antropologiasdelsur.org\/wp-content\/uploads\/2016\/10\/DSC_0287-169x300.jpg?resize=350%2C200","width":350,"height":200},"classes":[]},{"id":305,"url":"https:\/\/antropologiasdelsur.org\/?p=305","url_meta":{"origin":16,"position":5},"title":"Te presentamos el programa del jueves 13\/10 del 1er Congreso Internacional de Antropolog\u00edas del Sur 2016","author":"Annel Mej\u00edas","date":"30\/09\/2016","format":false,"excerpt":"El jueves 13\/10 las conferencias centrales, simposios y muestra audiovisual del Primer Congreso Internacional de Antropolog\u00edas del Sur 2016, M\u00e9rida, Venezuela, se realizar\u00e1n en distintos espacios, ya que... \u00a1tomaremos el casco central de la ciudad de M\u00e9rida, Venezuela! Te recordamos que ser\u00e1 entrada libre, gratuita. Celebraremos contigo las siguientes actividades:\u2026","rel":"","context":"En \u00abPrimer Congreso\u00bb","block_context":{"text":"Primer Congreso","link":"https:\/\/antropologiasdelsur.org\/?cat=1"},"img":{"alt_text":"programa-jueves-13-10-2016-congreso-de-antropologias-del-sur_page_1","src":"https:\/\/i0.wp.com\/antropologiasdelsur.org\/wp-content\/uploads\/2016\/09\/PROGRAMA-JUEVES-13-10-2016-CONGRESO-DE-ANTROPOLOG%C3%8DAS-DEL-SUR_Page_1-1-300x185.jpg?resize=350%2C200","width":350,"height":200,"srcset":"https:\/\/i0.wp.com\/antropologiasdelsur.org\/wp-content\/uploads\/2016\/09\/PROGRAMA-JUEVES-13-10-2016-CONGRESO-DE-ANTROPOLOG%C3%8DAS-DEL-SUR_Page_1-1-300x185.jpg?resize=350%2C200 1x, https:\/\/i0.wp.com\/antropologiasdelsur.org\/wp-content\/uploads\/2016\/09\/PROGRAMA-JUEVES-13-10-2016-CONGRESO-DE-ANTROPOLOG%C3%8DAS-DEL-SUR_Page_1-1-300x185.jpg?resize=525%2C300 1.5x, https:\/\/i0.wp.com\/antropologiasdelsur.org\/wp-content\/uploads\/2016\/09\/PROGRAMA-JUEVES-13-10-2016-CONGRESO-DE-ANTROPOLOG%C3%8DAS-DEL-SUR_Page_1-1-300x185.jpg?resize=700%2C400 2x"},"classes":[]}],"_links":{"self":[{"href":"https:\/\/antropologiasdelsur.org\/index.php?rest_route=\/wp\/v2\/posts\/16","targetHints":{"allow":["GET"]}}],"collection":[{"href":"https:\/\/antropologiasdelsur.org\/index.php?rest_route=\/wp\/v2\/posts"}],"about":[{"href":"https:\/\/antropologiasdelsur.org\/index.php?rest_route=\/wp\/v2\/types\/post"}],"author":[{"embeddable":true,"href":"https:\/\/antropologiasdelsur.org\/index.php?rest_route=\/wp\/v2\/users\/2"}],"replies":[{"embeddable":true,"href":"https:\/\/antropologiasdelsur.org\/index.php?rest_route=%2Fwp%2Fv2%2Fcomments&post=16"}],"version-history":[{"count":6,"href":"https:\/\/antropologiasdelsur.org\/index.php?rest_route=\/wp\/v2\/posts\/16\/revisions"}],"predecessor-version":[{"id":1316,"href":"https:\/\/antropologiasdelsur.org\/index.php?rest_route=\/wp\/v2\/posts\/16\/revisions\/1316"}],"wp:attachment":[{"href":"https:\/\/antropologiasdelsur.org\/index.php?rest_route=%2Fwp%2Fv2%2Fmedia&parent=16"}],"wp:term":[{"taxonomy":"category","embeddable":true,"href":"https:\/\/antropologiasdelsur.org\/index.php?rest_route=%2Fwp%2Fv2%2Fcategories&post=16"},{"taxonomy":"post_tag","embeddable":true,"href":"https:\/\/antropologiasdelsur.org\/index.php?rest_route=%2Fwp%2Fv2%2Ftags&post=16"}],"curies":[{"name":"wp","href":"https:\/\/api.w.org\/{rel}","templated":true}]}}