{"id":190,"date":"2016-05-28T10:01:36","date_gmt":"2016-05-28T14:31:36","guid":{"rendered":"http:\/\/antropologiasdelsur.org.ve\/?p=190"},"modified":"2024-02-14T20:59:18","modified_gmt":"2024-02-15T01:29:18","slug":"con-lectura-de-comunicado-nos-unimos-a-la-lucha-para-salvar-a-la-laguna-de-urao","status":"publish","type":"post","link":"https:\/\/antropologiasdelsur.org\/?p=190","title":{"rendered":"Con lectura de comunicado nos unimos a la lucha para salvar a la Laguna de Urao"},"content":{"rendered":"<p><strong>T\/<\/strong>A.M.G<strong>&#8211;<\/strong>Prensa Red de Antropolog\u00edas del Sur (CNP Nro. 11.320)<\/p>\n<p>&nbsp;<\/p>\n<p>Como parte de las actividades pre-evento del Primer Congreso Internacional de Antropolog\u00edas del Sur 2016, la Red de Antropolog\u00edas del Sur, la Oficina de Atenci\u00f3n a los Estudiantes Ind\u00edgenas y el Grupo de Trabajo sobre Asuntos Ind\u00edgenas del Centro de Estudios Pol\u00edticos y Sociales de Am\u00e9rica Latina (CEPSAL), de la Universidad de Los Andes (ULA), estuvieron en Lagunillas, en el municipio Sucre, del estado M\u00e9rida, el pasado14 de mayo, leyendo un comunicado para salvar la Laguna de Urao, con la presencia de la doctora Jacqueline Clarac de Brice\u00f1o, presidenta del Congreso Internacional, y las profesoras Belkis Rojas, directora de la Oficina de Atenci\u00f3n a los Estudiantes Ind\u00edgenas de la ULA, y Annel Mej\u00edas Guiza, de la Maestr\u00eda en Etnolog\u00eda, del Instituto de Investigaciones Bioantropol\u00f3gicas y Arqueol\u00f3gicas de la ULA.<\/p>\n<p>La actividad se realiz\u00f3 en la plaza de Pueblo Viejo, en Lagunillas, con la presencia de integrantes de los grupos ind\u00edgenas de esa zona xer\u00f3fila de M\u00e9rida y en el marco de las fiestas de San Isidro, justamente acompa\u00f1ados por la cofrad\u00eda de San Isidro. En la recolecci\u00f3n de firmas apoy\u00f3 la se\u00f1ora Nelly Flores, del grupo ind\u00edgena Mucumb\u00fa y miembro de dicha cofrad\u00eda.<\/p>\n<p>Luego del rito de la comuni\u00f3n en la homil\u00eda, actividad con la cual el pueblo saca al santo, se dio lectura al documento y en la misma actividad se inici\u00f3 la recolecci\u00f3n de las firmas de la comunidad para apoyar dicho manifiesto, cuyo archivo en PDF adjuntamos.<\/p>\n<p><strong>Documento en PDF: <\/strong><strong>COMUNICADO POR LA VIDA DE LA LAGUNA DE URAO JAMA CH\u00cdA O DO\u00d1A SIMONA<\/strong><\/p>\n<p><a href=\"http:\/\/antropologiasdelsur.org\/wp-content\/uploads\/2016\/05\/Comunicado-por-la-Laguna-de-Urao.pdf\">Comunicado por la Laguna de Urao<\/a><a href=\"http:\/\/antropologiasdelsur.org\/wp-content\/uploads\/2016\/05\/Comunicado-por-la-Laguna-de-Urao.pdf\"><br \/>\n<\/a><\/p>\n<p>&nbsp;<\/p>\n<p><a href=\"https:\/\/i0.wp.com\/antropologiasdelsur.org\/wp-content\/uploads\/2016\/05\/Foto-6-Dra.-Jacqueline-Clarac.jpg\"><img data-recalc-dims=\"1\" fetchpriority=\"high\" decoding=\"async\" data-attachment-id=\"191\" data-permalink=\"https:\/\/antropologiasdelsur.org\/?attachment_id=191#main\" data-orig-file=\"https:\/\/i0.wp.com\/antropologiasdelsur.org\/wp-content\/uploads\/2016\/05\/Foto-6-Dra.-Jacqueline-Clarac.jpg?fit=1772%2C1329&amp;ssl=1\" data-orig-size=\"1772,1329\" data-comments-opened=\"1\" data-image-meta=\"{&quot;aperture&quot;:&quot;0&quot;,&quot;credit&quot;:&quot;&quot;,&quot;camera&quot;:&quot;CM990&quot;,&quot;caption&quot;:&quot;&quot;,&quot;created_timestamp&quot;:&quot;1039348800&quot;,&quot;copyright&quot;:&quot;&quot;,&quot;focal_length&quot;:&quot;4.6&quot;,&quot;iso&quot;:&quot;0&quot;,&quot;shutter_speed&quot;:&quot;0&quot;,&quot;title&quot;:&quot;&quot;,&quot;orientation&quot;:&quot;1&quot;}\" data-image-title=\"Foto 6 Dra. Jacqueline Clarac\" data-image-description=\"\" data-image-caption=\"\" data-large-file=\"https:\/\/i0.wp.com\/antropologiasdelsur.org\/wp-content\/uploads\/2016\/05\/Foto-6-Dra.-Jacqueline-Clarac.jpg?fit=1024%2C768&amp;ssl=1\" class=\"alignnone  wp-image-191\" src=\"https:\/\/i0.wp.com\/antropologiasdelsur.org\/wp-content\/uploads\/2016\/05\/Foto-6-Dra.-Jacqueline-Clarac-300x225.jpg?resize=492%2C369\" alt=\"Foto 6 Dra. Jacqueline Clarac\" width=\"492\" height=\"369\" srcset=\"https:\/\/i0.wp.com\/antropologiasdelsur.org\/wp-content\/uploads\/2016\/05\/Foto-6-Dra.-Jacqueline-Clarac.jpg?resize=300%2C225&amp;ssl=1 300w, https:\/\/i0.wp.com\/antropologiasdelsur.org\/wp-content\/uploads\/2016\/05\/Foto-6-Dra.-Jacqueline-Clarac.jpg?resize=768%2C576&amp;ssl=1 768w, https:\/\/i0.wp.com\/antropologiasdelsur.org\/wp-content\/uploads\/2016\/05\/Foto-6-Dra.-Jacqueline-Clarac.jpg?resize=1024%2C768&amp;ssl=1 1024w, https:\/\/i0.wp.com\/antropologiasdelsur.org\/wp-content\/uploads\/2016\/05\/Foto-6-Dra.-Jacqueline-Clarac.jpg?w=1772&amp;ssl=1 1772w\" sizes=\"(max-width: 492px) 100vw, 492px\" \/><\/a><\/p>\n<p><em><strong>La Dra. Jacqueline Clarac de Brice\u00f1o con un ind\u00edgena guaz\u00e1bara. Foto: A.M.G.<\/strong><\/em><\/p>\n<p><strong>\u00a0<a href=\"https:\/\/i0.wp.com\/antropologiasdelsur.org\/wp-content\/uploads\/2016\/05\/Foto-7-Prof.-Belkis-Rojas.jpg\"><img data-recalc-dims=\"1\" decoding=\"async\" data-attachment-id=\"192\" data-permalink=\"https:\/\/antropologiasdelsur.org\/?attachment_id=192#main\" data-orig-file=\"https:\/\/i0.wp.com\/antropologiasdelsur.org\/wp-content\/uploads\/2016\/05\/Foto-7-Prof.-Belkis-Rojas.jpg?fit=1772%2C1329&amp;ssl=1\" data-orig-size=\"1772,1329\" data-comments-opened=\"1\" data-image-meta=\"{&quot;aperture&quot;:&quot;0&quot;,&quot;credit&quot;:&quot;&quot;,&quot;camera&quot;:&quot;CM990&quot;,&quot;caption&quot;:&quot;&quot;,&quot;created_timestamp&quot;:&quot;1039348800&quot;,&quot;copyright&quot;:&quot;&quot;,&quot;focal_length&quot;:&quot;4.6&quot;,&quot;iso&quot;:&quot;0&quot;,&quot;shutter_speed&quot;:&quot;0&quot;,&quot;title&quot;:&quot;&quot;,&quot;orientation&quot;:&quot;1&quot;}\" data-image-title=\"Foto 7 Prof. Belkis Rojas\" data-image-description=\"\" data-image-caption=\"\" data-large-file=\"https:\/\/i0.wp.com\/antropologiasdelsur.org\/wp-content\/uploads\/2016\/05\/Foto-7-Prof.-Belkis-Rojas.jpg?fit=1024%2C768&amp;ssl=1\" class=\"alignnone  wp-image-192\" src=\"https:\/\/i0.wp.com\/antropologiasdelsur.org\/wp-content\/uploads\/2016\/05\/Foto-7-Prof.-Belkis-Rojas-300x225.jpg?resize=493%2C370\" alt=\"Foto 7 Prof. Belkis Rojas\" width=\"493\" height=\"370\" srcset=\"https:\/\/i0.wp.com\/antropologiasdelsur.org\/wp-content\/uploads\/2016\/05\/Foto-7-Prof.-Belkis-Rojas.jpg?resize=300%2C225&amp;ssl=1 300w, https:\/\/i0.wp.com\/antropologiasdelsur.org\/wp-content\/uploads\/2016\/05\/Foto-7-Prof.-Belkis-Rojas.jpg?resize=768%2C576&amp;ssl=1 768w, https:\/\/i0.wp.com\/antropologiasdelsur.org\/wp-content\/uploads\/2016\/05\/Foto-7-Prof.-Belkis-Rojas.jpg?resize=1024%2C768&amp;ssl=1 1024w, https:\/\/i0.wp.com\/antropologiasdelsur.org\/wp-content\/uploads\/2016\/05\/Foto-7-Prof.-Belkis-Rojas.jpg?w=1772&amp;ssl=1 1772w\" sizes=\"(max-width: 493px) 100vw, 493px\" \/><\/a><\/strong><\/p>\n<p><em><strong>La Prof. Belkis Rojas lee el comunicado para salvar la Laguna de Urao. Foto: A.M.G.<\/strong><\/em><\/p>\n<p><a href=\"https:\/\/i0.wp.com\/antropologiasdelsur.org\/wp-content\/uploads\/2016\/05\/Foto-8-Prof.-Annel-Mej%C3%ADas-Guiza.jpg\"><img data-recalc-dims=\"1\" decoding=\"async\" data-attachment-id=\"193\" data-permalink=\"https:\/\/antropologiasdelsur.org\/?attachment_id=193#main\" data-orig-file=\"https:\/\/i0.wp.com\/antropologiasdelsur.org\/wp-content\/uploads\/2016\/05\/Foto-8-Prof.-Annel-Mej%C3%ADas-Guiza.jpg?fit=3648%2C2736&amp;ssl=1\" data-orig-size=\"3648,2736\" data-comments-opened=\"1\" data-image-meta=\"{&quot;aperture&quot;:&quot;4.9&quot;,&quot;credit&quot;:&quot;&quot;,&quot;camera&quot;:&quot;FinePix Z20fd&quot;,&quot;caption&quot;:&quot;&quot;,&quot;created_timestamp&quot;:&quot;1217849770&quot;,&quot;copyright&quot;:&quot;&quot;,&quot;focal_length&quot;:&quot;6.3&quot;,&quot;iso&quot;:&quot;100&quot;,&quot;shutter_speed&quot;:&quot;0.0029411764705882&quot;,&quot;title&quot;:&quot;&quot;,&quot;orientation&quot;:&quot;1&quot;}\" data-image-title=\"Foto 8 Prof. Annel Mej\u00edas Guiza\" data-image-description=\"\" data-image-caption=\"\" data-large-file=\"https:\/\/i0.wp.com\/antropologiasdelsur.org\/wp-content\/uploads\/2016\/05\/Foto-8-Prof.-Annel-Mej%C3%ADas-Guiza.jpg?fit=1024%2C768&amp;ssl=1\" class=\"alignnone  wp-image-193\" src=\"https:\/\/i0.wp.com\/antropologiasdelsur.org\/wp-content\/uploads\/2016\/05\/Foto-8-Prof.-Annel-Mej%C3%ADas-Guiza-300x225.jpg?resize=493%2C370\" alt=\"Foto 8 Prof. Annel Mej\u00edas Guiza\" width=\"493\" height=\"370\" \/><\/a><\/p>\n<p><em><strong>La Prof. Annel Mej\u00edas Guiza invita a firmar el documento. Foto: Cortes\u00eda Belkis Rojas.<\/strong><\/em><\/p>\n<h3><strong>FOTO DE LA LAGUNA DE URAO JAMA CH\u00cdA EN EL 2008:<\/strong><\/h3>\n<p><a href=\"https:\/\/i0.wp.com\/antropologiasdelsur.org\/wp-content\/uploads\/2016\/05\/AMG-Laguna-de-Urao2.jpg\"><img data-recalc-dims=\"1\" loading=\"lazy\" decoding=\"async\" data-attachment-id=\"199\" data-permalink=\"https:\/\/antropologiasdelsur.org\/?attachment_id=199#main\" data-orig-file=\"https:\/\/i0.wp.com\/antropologiasdelsur.org\/wp-content\/uploads\/2016\/05\/AMG-Laguna-de-Urao2.jpg?fit=1417%2C1063&amp;ssl=1\" data-orig-size=\"1417,1063\" data-comments-opened=\"1\" data-image-meta=\"{&quot;aperture&quot;:&quot;9&quot;,&quot;credit&quot;:&quot;&quot;,&quot;camera&quot;:&quot;DMC-TZ3&quot;,&quot;caption&quot;:&quot;&quot;,&quot;created_timestamp&quot;:&quot;1189535868&quot;,&quot;copyright&quot;:&quot;&quot;,&quot;focal_length&quot;:&quot;6.5&quot;,&quot;iso&quot;:&quot;100&quot;,&quot;shutter_speed&quot;:&quot;0.005&quot;,&quot;title&quot;:&quot;&quot;,&quot;orientation&quot;:&quot;1&quot;}\" data-image-title=\"AMG-Laguna-de-Urao2\" data-image-description=\"\" data-image-caption=\"\" data-large-file=\"https:\/\/i0.wp.com\/antropologiasdelsur.org\/wp-content\/uploads\/2016\/05\/AMG-Laguna-de-Urao2.jpg?fit=1024%2C768&amp;ssl=1\" class=\"alignnone  wp-image-199\" src=\"https:\/\/i0.wp.com\/antropologiasdelsur.org\/wp-content\/uploads\/2016\/05\/AMG-Laguna-de-Urao2-300x225.jpg?resize=500%2C375\" alt=\"AMG-Laguna-de-Urao2\" width=\"500\" height=\"375\" srcset=\"https:\/\/i0.wp.com\/antropologiasdelsur.org\/wp-content\/uploads\/2016\/05\/AMG-Laguna-de-Urao2.jpg?resize=300%2C225&amp;ssl=1 300w, https:\/\/i0.wp.com\/antropologiasdelsur.org\/wp-content\/uploads\/2016\/05\/AMG-Laguna-de-Urao2.jpg?resize=768%2C576&amp;ssl=1 768w, https:\/\/i0.wp.com\/antropologiasdelsur.org\/wp-content\/uploads\/2016\/05\/AMG-Laguna-de-Urao2.jpg?resize=1024%2C768&amp;ssl=1 1024w, https:\/\/i0.wp.com\/antropologiasdelsur.org\/wp-content\/uploads\/2016\/05\/AMG-Laguna-de-Urao2.jpg?w=1417&amp;ssl=1 1417w\" sizes=\"(max-width: 500px) 100vw, 500px\" \/><\/a><\/p>\n<h3><strong>FOTO DE LA LAGUNA DE URAO EN EL 2016:<\/strong><\/h3>\n<p><a href=\"https:\/\/i0.wp.com\/antropologiasdelsur.org\/wp-content\/uploads\/2016\/05\/Foto-4-Sequ%C3%ADa-actual.jpg\"><img data-recalc-dims=\"1\" loading=\"lazy\" decoding=\"async\" data-attachment-id=\"200\" data-permalink=\"https:\/\/antropologiasdelsur.org\/?attachment_id=200#main\" data-orig-file=\"https:\/\/i0.wp.com\/antropologiasdelsur.org\/wp-content\/uploads\/2016\/05\/Foto-4-Sequ%C3%ADa-actual.jpg?fit=1417%2C1063&amp;ssl=1\" data-orig-size=\"1417,1063\" data-comments-opened=\"1\" data-image-meta=\"{&quot;aperture&quot;:&quot;0&quot;,&quot;credit&quot;:&quot;&quot;,&quot;camera&quot;:&quot;CM990&quot;,&quot;caption&quot;:&quot;&quot;,&quot;created_timestamp&quot;:&quot;1039348800&quot;,&quot;copyright&quot;:&quot;&quot;,&quot;focal_length&quot;:&quot;4.6&quot;,&quot;iso&quot;:&quot;0&quot;,&quot;shutter_speed&quot;:&quot;0&quot;,&quot;title&quot;:&quot;&quot;,&quot;orientation&quot;:&quot;1&quot;}\" data-image-title=\"Foto 4 Sequ\u00eda actual\" data-image-description=\"\" data-image-caption=\"\" data-large-file=\"https:\/\/i0.wp.com\/antropologiasdelsur.org\/wp-content\/uploads\/2016\/05\/Foto-4-Sequ%C3%ADa-actual.jpg?fit=1024%2C768&amp;ssl=1\" class=\"alignnone  wp-image-200\" src=\"https:\/\/i0.wp.com\/antropologiasdelsur.org\/wp-content\/uploads\/2016\/05\/Foto-4-Sequ%C3%ADa-actual-300x225.jpg?resize=501%2C376\" alt=\"Foto 4 Sequ\u00eda actual\" width=\"501\" height=\"376\" \/><\/a><\/p>\n<p>&nbsp;<\/p>\n<p>&nbsp;<\/p>\n","protected":false},"excerpt":{"rendered":"<p>T\/A.M.G&#8211;Prensa Red de Antropolog\u00edas del Sur (CNP Nro. 11.320) &nbsp; Como parte de las actividades pre-evento del Primer Congreso Internacional de Antropolog\u00edas del Sur 2016, la Red de Antropolog\u00edas del Sur, la Oficina de Atenci\u00f3n a los Estudiantes Ind\u00edgenas y el Grupo de Trabajo sobre Asuntos Ind\u00edgenas del Centro de Estudios Pol\u00edticos y Sociales de<\/p>\n<p><a href=\"https:\/\/antropologiasdelsur.org\/?p=190\" class=\"more-link themebutton\">Leer m\u00e1s<\/a><\/p>\n","protected":false},"author":2,"featured_media":0,"comment_status":"open","ping_status":"open","sticky":false,"template":"","format":"standard","meta":{"_jetpack_newsletter_access":"","_jetpack_dont_email_post_to_subs":false,"_jetpack_newsletter_tier_id":0,"_jetpack_memberships_contains_paywalled_content":false,"_jetpack_memberships_contains_paid_content":false,"footnotes":""},"categories":[1],"tags":[],"class_list":["post-190","post","type-post","status-publish","format-standard","hentry","category-primer-congreso"],"jetpack_featured_media_url":"","jetpack_sharing_enabled":true,"jetpack_shortlink":"https:\/\/wp.me\/p7en3k-34","jetpack-related-posts":[{"id":137,"url":"https:\/\/antropologiasdelsur.org\/?p=137","url_meta":{"origin":190,"position":0},"title":"Lecturas sobre la escuela en construcci\u00f3n Antropolog\u00edas del Sur&#8230;","author":"Annel Mej\u00edas","date":"09\/02\/2016","format":false,"excerpt":"Ac\u00e1 puedes acceder a lecturas para conocer la escuela en construcci\u00f3n de Antropolog\u00edas del Sur... te invitamos a conocernos...","rel":"","context":"En \u00abPrimer Congreso\u00bb","block_context":{"text":"Primer Congreso","link":"https:\/\/antropologiasdelsur.org\/?cat=1"},"img":{"alt_text":"","src":"","width":0,"height":0},"classes":[]},{"id":279,"url":"https:\/\/antropologiasdelsur.org\/?p=279","url_meta":{"origin":190,"position":1},"title":"\u00a1No dejes de ver el video promocional del 1er Congreso Internacional de Antropolog\u00edas del Sur 2016!","author":"Annel Mej\u00edas","date":"25\/09\/2016","format":false,"excerpt":"Desde la Coordinaci\u00f3n de Comunicaci\u00f3n y Publicidad, te presentamos el video promocional audiovisual del 1er Congreso Internacional de Antropolog\u00edas del Sur 2016, realizado por el Prof. Carlos Camacho, tesista de la X cohorte de la Maestr\u00eda en Etnolog\u00eda, menci\u00f3n Etnohistoria, de la Universidad de Los Andes (ULA), y miembro de\u2026","rel":"","context":"En \u00abPrimer Congreso\u00bb","block_context":{"text":"Primer Congreso","link":"https:\/\/antropologiasdelsur.org\/?cat=1"},"img":{"alt_text":"","src":"","width":0,"height":0},"classes":[]},{"id":271,"url":"https:\/\/antropologiasdelsur.org\/?p=271","url_meta":{"origin":190,"position":2},"title":"Invitamos a escuchar el micro promocional de radio del 1er Congreso Internacional de Antropolog\u00edas del Sur 2016","author":"Annel Mej\u00edas","date":"18\/09\/2016","format":false,"excerpt":"Desde la Coordinaci\u00f3n de Comunicaci\u00f3n y Publicidad del 1er Congreso Internacional de Antropolog\u00edas del Sur 2016, invitamos a escuchar la promoci\u00f3n para radio, realizada por el licenciado Carlos Camacho, tesista de la X cohorte de la Maestr\u00eda en Etnolog\u00eda de la Universidad de Los Andes (ULA), M\u00e9rida, Venezuela, profesor de\u2026","rel":"","context":"En \u00abPrimer Congreso\u00bb","block_context":{"text":"Primer Congreso","link":"https:\/\/antropologiasdelsur.org\/?cat=1"},"img":{"alt_text":"","src":"","width":0,"height":0},"classes":[]},{"id":333,"url":"https:\/\/antropologiasdelsur.org\/?p=333","url_meta":{"origin":190,"position":3},"title":"Invitamos a leer los programas de los 16 simposios del Primer Congreso Internacional de Antropolog\u00edas del Sur 2016","author":"Annel Mej\u00edas","date":"01\/10\/2016","format":false,"excerpt":"El Primer Congreso Internacional de Antropolog\u00edas del Sur 2016 les presenta la programaci\u00f3n de sus 16 simposios, distribuidos en ocho ejes tem\u00e1ticos, a realizarse el martes 11, el jueves 13 y el viernes 14 de octubre pr\u00f3ximo en la ciudad de M\u00e9rida, Venezuela. Les recordamos que la entrada es libre\u2026","rel":"","context":"En \u00abPrimer Congreso\u00bb","block_context":{"text":"Primer Congreso","link":"https:\/\/antropologiasdelsur.org\/?cat=1"},"img":{"alt_text":"programa-simposio-1-congreso-antropologias-del-sur_page_1","src":"https:\/\/i0.wp.com\/antropologiasdelsur.org\/wp-content\/uploads\/2016\/10\/Programa-Simposio-1-Congreso-Antropolog%C3%ADas-del-Sur_Page_1-220x300.jpg?resize=350%2C200","width":350,"height":200,"srcset":"https:\/\/i0.wp.com\/antropologiasdelsur.org\/wp-content\/uploads\/2016\/10\/Programa-Simposio-1-Congreso-Antropolog%C3%ADas-del-Sur_Page_1-220x300.jpg?resize=350%2C200 1x, https:\/\/i0.wp.com\/antropologiasdelsur.org\/wp-content\/uploads\/2016\/10\/Programa-Simposio-1-Congreso-Antropolog%C3%ADas-del-Sur_Page_1-220x300.jpg?resize=525%2C300 1.5x, https:\/\/i0.wp.com\/antropologiasdelsur.org\/wp-content\/uploads\/2016\/10\/Programa-Simposio-1-Congreso-Antropolog%C3%ADas-del-Sur_Page_1-220x300.jpg?resize=700%2C400 2x"},"classes":[]},{"id":305,"url":"https:\/\/antropologiasdelsur.org\/?p=305","url_meta":{"origin":190,"position":4},"title":"Te presentamos el programa del jueves 13\/10 del 1er Congreso Internacional de Antropolog\u00edas del Sur 2016","author":"Annel Mej\u00edas","date":"30\/09\/2016","format":false,"excerpt":"El jueves 13\/10 las conferencias centrales, simposios y muestra audiovisual del Primer Congreso Internacional de Antropolog\u00edas del Sur 2016, M\u00e9rida, Venezuela, se realizar\u00e1n en distintos espacios, ya que... \u00a1tomaremos el casco central de la ciudad de M\u00e9rida, Venezuela! Te recordamos que ser\u00e1 entrada libre, gratuita. Celebraremos contigo las siguientes actividades:\u2026","rel":"","context":"En \u00abPrimer Congreso\u00bb","block_context":{"text":"Primer Congreso","link":"https:\/\/antropologiasdelsur.org\/?cat=1"},"img":{"alt_text":"programa-jueves-13-10-2016-congreso-de-antropologias-del-sur_page_1","src":"https:\/\/i0.wp.com\/antropologiasdelsur.org\/wp-content\/uploads\/2016\/09\/PROGRAMA-JUEVES-13-10-2016-CONGRESO-DE-ANTROPOLOG%C3%8DAS-DEL-SUR_Page_1-1-300x185.jpg?resize=350%2C200","width":350,"height":200,"srcset":"https:\/\/i0.wp.com\/antropologiasdelsur.org\/wp-content\/uploads\/2016\/09\/PROGRAMA-JUEVES-13-10-2016-CONGRESO-DE-ANTROPOLOG%C3%8DAS-DEL-SUR_Page_1-1-300x185.jpg?resize=350%2C200 1x, https:\/\/i0.wp.com\/antropologiasdelsur.org\/wp-content\/uploads\/2016\/09\/PROGRAMA-JUEVES-13-10-2016-CONGRESO-DE-ANTROPOLOG%C3%8DAS-DEL-SUR_Page_1-1-300x185.jpg?resize=525%2C300 1.5x, https:\/\/i0.wp.com\/antropologiasdelsur.org\/wp-content\/uploads\/2016\/09\/PROGRAMA-JUEVES-13-10-2016-CONGRESO-DE-ANTROPOLOG%C3%8DAS-DEL-SUR_Page_1-1-300x185.jpg?resize=700%2C400 2x"},"classes":[]},{"id":287,"url":"https:\/\/antropologiasdelsur.org\/?p=287","url_meta":{"origin":190,"position":5},"title":"Te invitamos a revisar la programaci\u00f3n del martes 11\/10 del 1er Congreso Internacional de Antropolog\u00edas del Sur 2016","author":"Annel Mej\u00edas","date":"30\/09\/2016","format":false,"excerpt":"El martes 11\/10 las actividades del Primer Congreso Internacional de Antropolog\u00edas del Sur 2016, M\u00e9rida, Venezuela, se realizar\u00e1n completamente en el Colegio Universitario Hotel Escuela de Los Andes Venezolanos (CUHELAV), ubicado en la avenida Universidad, al lado del Hotel Venetur, en la ciudad de M\u00e9rida, Venezuela. Ser\u00e1 entrada libre, gratuita.\u2026","rel":"","context":"En \u00abPrimer Congreso\u00bb","block_context":{"text":"Primer Congreso","link":"https:\/\/antropologiasdelsur.org\/?cat=1"},"img":{"alt_text":"programa-martes-11-10-2016-congreso-antropologias-del-sur_page_1","src":"https:\/\/i0.wp.com\/antropologiasdelsur.org\/wp-content\/uploads\/2016\/09\/PROGRAMA-MARTES-11-10-2016-CONGRESO-ANTROPOLOG%C3%8DAS-DEL-SUR_Page_1-300x177.jpg?resize=350%2C200","width":350,"height":200,"srcset":"https:\/\/i0.wp.com\/antropologiasdelsur.org\/wp-content\/uploads\/2016\/09\/PROGRAMA-MARTES-11-10-2016-CONGRESO-ANTROPOLOG%C3%8DAS-DEL-SUR_Page_1-300x177.jpg?resize=350%2C200 1x, https:\/\/i0.wp.com\/antropologiasdelsur.org\/wp-content\/uploads\/2016\/09\/PROGRAMA-MARTES-11-10-2016-CONGRESO-ANTROPOLOG%C3%8DAS-DEL-SUR_Page_1-300x177.jpg?resize=525%2C300 1.5x, https:\/\/i0.wp.com\/antropologiasdelsur.org\/wp-content\/uploads\/2016\/09\/PROGRAMA-MARTES-11-10-2016-CONGRESO-ANTROPOLOG%C3%8DAS-DEL-SUR_Page_1-300x177.jpg?resize=700%2C400 2x"},"classes":[]}],"_links":{"self":[{"href":"https:\/\/antropologiasdelsur.org\/index.php?rest_route=\/wp\/v2\/posts\/190","targetHints":{"allow":["GET"]}}],"collection":[{"href":"https:\/\/antropologiasdelsur.org\/index.php?rest_route=\/wp\/v2\/posts"}],"about":[{"href":"https:\/\/antropologiasdelsur.org\/index.php?rest_route=\/wp\/v2\/types\/post"}],"author":[{"embeddable":true,"href":"https:\/\/antropologiasdelsur.org\/index.php?rest_route=\/wp\/v2\/users\/2"}],"replies":[{"embeddable":true,"href":"https:\/\/antropologiasdelsur.org\/index.php?rest_route=%2Fwp%2Fv2%2Fcomments&post=190"}],"version-history":[{"count":18,"href":"https:\/\/antropologiasdelsur.org\/index.php?rest_route=\/wp\/v2\/posts\/190\/revisions"}],"predecessor-version":[{"id":1377,"href":"https:\/\/antropologiasdelsur.org\/index.php?rest_route=\/wp\/v2\/posts\/190\/revisions\/1377"}],"wp:attachment":[{"href":"https:\/\/antropologiasdelsur.org\/index.php?rest_route=%2Fwp%2Fv2%2Fmedia&parent=190"}],"wp:term":[{"taxonomy":"category","embeddable":true,"href":"https:\/\/antropologiasdelsur.org\/index.php?rest_route=%2Fwp%2Fv2%2Fcategories&post=190"},{"taxonomy":"post_tag","embeddable":true,"href":"https:\/\/antropologiasdelsur.org\/index.php?rest_route=%2Fwp%2Fv2%2Ftags&post=190"}],"curies":[{"name":"wp","href":"https:\/\/api.w.org\/{rel}","templated":true}]}}