{"id":333,"date":"2016-10-01T22:27:33","date_gmt":"2016-10-02T02:57:33","guid":{"rendered":"http:\/\/antropologiasdelsur.org.ve\/?p=333"},"modified":"2024-02-14T21:15:06","modified_gmt":"2024-02-15T01:45:06","slug":"invitamos-a-leer-el-programa-de-los-16-simposios-del-primer-congreso-internacional-de-antropologias-del-sur-2016","status":"publish","type":"post","link":"https:\/\/antropologiasdelsur.org\/?p=333","title":{"rendered":"Invitamos a leer los programas de los 16 simposios del Primer Congreso Internacional de Antropolog\u00edas del Sur 2016"},"content":{"rendered":"<p>El Primer Congreso Internacional de Antropolog\u00edas del Sur 2016 les presenta la programaci\u00f3n de sus 16 simposios, distribuidos en ocho ejes tem\u00e1ticos, a realizarse el martes 11, el jueves 13 y el viernes 14 de octubre pr\u00f3ximo en la ciudad de M\u00e9rida, Venezuela. Les recordamos que la entrada es libre y gratuita.<\/p>\n<p style=\"text-align: center\"><strong>EJE TEM\u00c1TICO: ANTROPOLOG\u00cdA POL\u00cdTICA DEL SUR Y DECOLONIZACI\u00d3N DEL PENSAMIENTO<\/strong><\/p>\n<p style=\"text-align: center\"><strong>SIMPOSIO I<\/strong>: <strong>ANTROPOLOG\u00cdA POL\u00cdTICA DEL SUR, INTERCAMBIO DE SABERES Y DECOLONIALIDAD<\/strong><\/p>\n<p>Coordinado por:<\/p>\n<p>Johhny Alarc\u00f3n. Universidad del Zulia. Maracaibo, Venezuela. <a href=\"mailto:jalarconxxi@gmail.com\">jalarconxxi@gmail.com<\/a><\/p>\n<p>Fabiola Bautista. Profesora e investigadora de la Universidad Bolivariana de Venezuela. M\u00e9rida, Venezuela. <a href=\"mailto:fibibau@gmail.com\">fibibau@gmail.com<\/a><\/p>\n<p>Miguel \u00c1ngel Rodr\u00edguez Lorenzo. Universidad de Los Andes: Departamento de Historia Universal (Escuela de Historia \u2013 Facultad de Humanidades y Educaci\u00f3n) y Doctorado en Antropolog\u00eda. M\u00e9rida, Venezuela. <a href=\"mailto:ecomarl@hotmail.com\">ecomarl@hotmail.com<\/a><\/p>\n<p>Ac\u00e1 pueden ver el programa del Simposio I con los t\u00edtulos de ponencias, autores, lugares y horario en imagen (en formato JPG y PDF):<\/p>\n<p><a href=\"https:\/\/i0.wp.com\/antropologiasdelsur.org.ve\/wp-content\/uploads\/2016\/10\/Programa-Simposio-1-Congreso-Antropolog%C3%ADas-del-Sur_Page_1.jpg\"><img data-recalc-dims=\"1\" fetchpriority=\"high\" decoding=\"async\" data-attachment-id=\"334\" data-permalink=\"https:\/\/antropologiasdelsur.org\/?attachment_id=334#main\" data-orig-file=\"https:\/\/i0.wp.com\/antropologiasdelsur.org\/wp-content\/uploads\/2016\/10\/Programa-Simposio-1-Congreso-Antropolog%C3%ADas-del-Sur_Page_1.jpg?fit=1733%2C2362&amp;ssl=1\" data-orig-size=\"1733,2362\" data-comments-opened=\"1\" data-image-meta=\"{&quot;aperture&quot;:&quot;0&quot;,&quot;credit&quot;:&quot;&quot;,&quot;camera&quot;:&quot;&quot;,&quot;caption&quot;:&quot;&quot;,&quot;created_timestamp&quot;:&quot;0&quot;,&quot;copyright&quot;:&quot;&quot;,&quot;focal_length&quot;:&quot;0&quot;,&quot;iso&quot;:&quot;0&quot;,&quot;shutter_speed&quot;:&quot;0&quot;,&quot;title&quot;:&quot;&quot;,&quot;orientation&quot;:&quot;1&quot;}\" data-image-title=\"programa-simposio-1-congreso-antropologias-del-sur_page_1\" data-image-description=\"\" data-image-caption=\"\" data-large-file=\"https:\/\/i0.wp.com\/antropologiasdelsur.org\/wp-content\/uploads\/2016\/10\/Programa-Simposio-1-Congreso-Antropolog%C3%ADas-del-Sur_Page_1.jpg?fit=751%2C1024&amp;ssl=1\" class=\"alignnone wp-image-334\" src=\"https:\/\/i0.wp.com\/antropologiasdelsur.org\/wp-content\/uploads\/2016\/10\/Programa-Simposio-1-Congreso-Antropolog%C3%ADas-del-Sur_Page_1-220x300.jpg?resize=848%2C1156\" alt=\"programa-simposio-1-congreso-antropologias-del-sur_page_1\" width=\"848\" height=\"1156\" \/><\/a><\/p>\n<p>Ac\u00e1 pueden descargar el PDF del programa del Simposio I:<\/p>\n<p><a href=\"http:\/\/antropologiasdelsur.org\/wp-content\/uploads\/2016\/10\/Programa-Simposio-1-Congreso-Antropolog\u00edas-del-Sur.pdf\">programa-simposio-1-congreso-antropologias-del-sur<\/a><\/p>\n<p>&nbsp;<\/p>\n<p style=\"text-align: center\"><strong>SIMPOSIO II: ANTROPOLOG\u00cdAS DEL SUR Y SUBALTERNIDAD<\/strong><\/p>\n<p>Coordinado por:<\/p>\n<p>Roberto L\u00f3pez. Historiador. Profesor Titular de la Universidad del Zulia (1994-2016). Maracaibo, Venezuela. <a href=\"mailto:cruzcarrillo2001@yahoo.com\">cruzcarrillo2001@yahoo.com<\/a><\/p>\n<p>Maya Mazzoldi. Programa de Post-Graduaci\u00f3n en Antropolog\u00eda Social, Universidad Federal de Santa Catarina, Brasil. Estudiante del Doctorado en Antropolog\u00eda de la Universidad de Los Andes. Investigadora Independiente. Puerto de Altagracia, Venezuela. <a href=\"mailto:mayamazzoldidiaz@yahoo.com\">mayamazzoldidiaz@yahoo.com<\/a><\/p>\n<p>Ac\u00e1 pueden ver el programa del Simposio II con los t\u00edtulos de ponencias, autores, lugares y horario en imagen (en formato JPG y PDF):<\/p>\n<p><a href=\"https:\/\/i0.wp.com\/antropologiasdelsur.org\/wp-content\/uploads\/2016\/10\/Programa-Simposio-2-Congreso-Antropolog%C3%ADas-del-Sur.jpg\"><img data-recalc-dims=\"1\" decoding=\"async\" data-attachment-id=\"336\" data-permalink=\"https:\/\/antropologiasdelsur.org\/?attachment_id=336#main\" data-orig-file=\"https:\/\/i0.wp.com\/antropologiasdelsur.org\/wp-content\/uploads\/2016\/10\/Programa-Simposio-2-Congreso-Antropolog%C3%ADas-del-Sur.jpg?fit=2126%2C1942&amp;ssl=1\" data-orig-size=\"2126,1942\" data-comments-opened=\"1\" data-image-meta=\"{&quot;aperture&quot;:&quot;0&quot;,&quot;credit&quot;:&quot;&quot;,&quot;camera&quot;:&quot;&quot;,&quot;caption&quot;:&quot;&quot;,&quot;created_timestamp&quot;:&quot;0&quot;,&quot;copyright&quot;:&quot;&quot;,&quot;focal_length&quot;:&quot;0&quot;,&quot;iso&quot;:&quot;0&quot;,&quot;shutter_speed&quot;:&quot;0&quot;,&quot;title&quot;:&quot;&quot;,&quot;orientation&quot;:&quot;1&quot;}\" data-image-title=\"programa-simposio-2-congreso-antropologias-del-sur\" data-image-description=\"\" data-image-caption=\"\" data-large-file=\"https:\/\/i0.wp.com\/antropologiasdelsur.org\/wp-content\/uploads\/2016\/10\/Programa-Simposio-2-Congreso-Antropolog%C3%ADas-del-Sur.jpg?fit=1024%2C935&amp;ssl=1\" class=\"alignnone wp-image-336\" src=\"https:\/\/i0.wp.com\/antropologiasdelsur.org\/wp-content\/uploads\/2016\/10\/Programa-Simposio-2-Congreso-Antropolog%C3%ADas-del-Sur-300x274.jpg?resize=846%2C773\" alt=\"programa-simposio-2-congreso-antropologias-del-sur\" width=\"846\" height=\"773\" \/><\/a><\/p>\n<p>Ac\u00e1 pueden descargar el PDF del programa del Simposio II:<\/p>\n<p><a href=\"http:\/\/antropologiasdelsur.org\/wp-content\/uploads\/2016\/10\/Programa-Simposio-2-Congreso-Antropolog\u00edas-del-Sur.pdf\">programa-simposio-2-congreso-antropologias-del-sur<\/a><\/p>\n<p>&nbsp;<\/p>\n<p style=\"text-align: center\"><strong>SIMPOSIO III: <\/strong><strong>HACER ANTROPOLOG\u00cdAS DESDE EL SUR: RETOS ETNOGR\u00c1FICOS Y METODOL\u00d3GICOS<\/strong><\/p>\n<p>Coordinado por:<\/p>\n<p>Eduardo Restrepo. Doctor en Antropolog\u00eda. Director del programa de Estudios culturales y de la Maestr\u00eda en estudios culturales de la Universidad Javeriana. Bogot\u00e1, Colombia. <a href=\"mailto:eduardoa.restrepo@gmail.com\">eduardoa.restrepo@gmail.com<\/a><\/p>\n<p>Ac\u00e1 pueden ver el programa del Simposio III con los t\u00edtulos de ponencias, autores, lugares y horario en imagen (en formato JPG y PDF):<\/p>\n<p><a href=\"https:\/\/i0.wp.com\/antropologiasdelsur.org\/wp-content\/uploads\/2016\/10\/Programa-Simposio-3-Congreso-Antropolog%C3%ADas-del-Sur.jpg\"><img data-recalc-dims=\"1\" decoding=\"async\" data-attachment-id=\"338\" data-permalink=\"https:\/\/antropologiasdelsur.org\/?attachment_id=338#main\" data-orig-file=\"https:\/\/i0.wp.com\/antropologiasdelsur.org\/wp-content\/uploads\/2016\/10\/Programa-Simposio-3-Congreso-Antropolog%C3%ADas-del-Sur.jpg?fit=1975%2C2126&amp;ssl=1\" data-orig-size=\"1975,2126\" data-comments-opened=\"1\" data-image-meta=\"{&quot;aperture&quot;:&quot;0&quot;,&quot;credit&quot;:&quot;&quot;,&quot;camera&quot;:&quot;&quot;,&quot;caption&quot;:&quot;&quot;,&quot;created_timestamp&quot;:&quot;0&quot;,&quot;copyright&quot;:&quot;&quot;,&quot;focal_length&quot;:&quot;0&quot;,&quot;iso&quot;:&quot;0&quot;,&quot;shutter_speed&quot;:&quot;0&quot;,&quot;title&quot;:&quot;&quot;,&quot;orientation&quot;:&quot;1&quot;}\" data-image-title=\"programa-simposio-3-congreso-antropologias-del-sur\" data-image-description=\"\" data-image-caption=\"\" data-large-file=\"https:\/\/i0.wp.com\/antropologiasdelsur.org\/wp-content\/uploads\/2016\/10\/Programa-Simposio-3-Congreso-Antropolog%C3%ADas-del-Sur.jpg?fit=951%2C1024&amp;ssl=1\" class=\"alignnone wp-image-338\" src=\"https:\/\/i0.wp.com\/antropologiasdelsur.org\/wp-content\/uploads\/2016\/10\/Programa-Simposio-3-Congreso-Antropolog%C3%ADas-del-Sur-279x300.jpg?resize=878%2C944\" alt=\"programa-simposio-3-congreso-antropologias-del-sur\" width=\"878\" height=\"944\" \/><\/a><\/p>\n<p>Ac\u00e1 pueden descargar el PDF del programa del Simposio III:<\/p>\n<p><a href=\"http:\/\/antropologiasdelsur.org\/wp-content\/uploads\/2016\/10\/Programa-Simposio-3-Congreso-Antropolog\u00edas-del-Sur.pdf\">programa-simposio-3-congreso-antropologias-del-sur<\/a><\/p>\n<p>&nbsp;<\/p>\n<p style=\"text-align: center\"><strong>SIMPOSIO IV: NARRATIVAS ETNOGR\u00c1FICAS DEL SUR: IMPLICACIONES \u00c9TICAS Y POL\u00cdTICAS<\/strong><\/p>\n<p>Coordinado por:<\/p>\n<p>Yanett Segovia. Doctora en Antropolog\u00eda. Profesora\u00a0 de la ULA, Integrante fundadora del Centro de Estudios de Etnograf\u00eda Comprometida. M\u00e9rida, Venezuela. <a href=\"mailto:janet.segovia@gmail.com\">janet.segovia@gmail.com<\/a><\/p>\n<p>Carmen Rosillo.\u00a0 Doctora en Antropolog\u00eda. Centro de Estudios de Etnograf\u00eda Comprometida. M\u00e9rida, Venezuela. <a href=\"mailto:rosilloch@yahoo.com\">rosilloch@yahoo.com<\/a><\/p>\n<p>\u00c1ngel Oro\u00f1o Garc\u00eda. Profesor de la Universidad Bolivariana de Venezuela. UBV. Maracaibo, Zulia. <a href=\"mailto:kiyopo@gmail.com\">kiyopo@gmail.com<\/a><\/p>\n<p>Ac\u00e1 pueden ver el programa del Simposio IV con los t\u00edtulos de ponencias, autores, lugares y horario en imagen (en formato JPG y PDF):<\/p>\n<p><a href=\"https:\/\/i0.wp.com\/antropologiasdelsur.org\/wp-content\/uploads\/2016\/10\/Programa-Simposio-4-Congreso-Antropolog%C3%ADas-del-Sur_Page_1.jpg\"><img data-recalc-dims=\"1\" loading=\"lazy\" decoding=\"async\" data-attachment-id=\"340\" data-permalink=\"https:\/\/antropologiasdelsur.org\/?attachment_id=340#main\" data-orig-file=\"https:\/\/i0.wp.com\/antropologiasdelsur.org\/wp-content\/uploads\/2016\/10\/Programa-Simposio-4-Congreso-Antropolog%C3%ADas-del-Sur_Page_1.jpg?fit=1733%2C2362&amp;ssl=1\" data-orig-size=\"1733,2362\" data-comments-opened=\"1\" data-image-meta=\"{&quot;aperture&quot;:&quot;0&quot;,&quot;credit&quot;:&quot;&quot;,&quot;camera&quot;:&quot;&quot;,&quot;caption&quot;:&quot;&quot;,&quot;created_timestamp&quot;:&quot;0&quot;,&quot;copyright&quot;:&quot;&quot;,&quot;focal_length&quot;:&quot;0&quot;,&quot;iso&quot;:&quot;0&quot;,&quot;shutter_speed&quot;:&quot;0&quot;,&quot;title&quot;:&quot;&quot;,&quot;orientation&quot;:&quot;1&quot;}\" data-image-title=\"programa-simposio-4-congreso-antropologias-del-sur_page_1\" data-image-description=\"\" data-image-caption=\"\" data-large-file=\"https:\/\/i0.wp.com\/antropologiasdelsur.org\/wp-content\/uploads\/2016\/10\/Programa-Simposio-4-Congreso-Antropolog%C3%ADas-del-Sur_Page_1.jpg?fit=751%2C1024&amp;ssl=1\" class=\"alignnone wp-image-340\" src=\"https:\/\/i0.wp.com\/antropologiasdelsur.org\/wp-content\/uploads\/2016\/10\/Programa-Simposio-4-Congreso-Antropolog%C3%ADas-del-Sur_Page_1-220x300.jpg?resize=840%2C1145\" alt=\"programa-simposio-4-congreso-antropologias-del-sur_page_1\" width=\"840\" height=\"1145\" \/><\/a><\/p>\n<p><a href=\"https:\/\/i0.wp.com\/antropologiasdelsur.org\/wp-content\/uploads\/2016\/10\/Programa-Simposio-4-Congreso-Antropolog%C3%ADas-del-Sur_Page_2.jpg\"><img data-recalc-dims=\"1\" loading=\"lazy\" decoding=\"async\" data-attachment-id=\"341\" data-permalink=\"https:\/\/antropologiasdelsur.org\/?attachment_id=341#main\" data-orig-file=\"https:\/\/i0.wp.com\/antropologiasdelsur.org\/wp-content\/uploads\/2016\/10\/Programa-Simposio-4-Congreso-Antropolog%C3%ADas-del-Sur_Page_2.jpg?fit=2008%2C1104&amp;ssl=1\" data-orig-size=\"2008,1104\" data-comments-opened=\"1\" data-image-meta=\"{&quot;aperture&quot;:&quot;0&quot;,&quot;credit&quot;:&quot;&quot;,&quot;camera&quot;:&quot;&quot;,&quot;caption&quot;:&quot;&quot;,&quot;created_timestamp&quot;:&quot;0&quot;,&quot;copyright&quot;:&quot;&quot;,&quot;focal_length&quot;:&quot;0&quot;,&quot;iso&quot;:&quot;0&quot;,&quot;shutter_speed&quot;:&quot;0&quot;,&quot;title&quot;:&quot;&quot;,&quot;orientation&quot;:&quot;1&quot;}\" data-image-title=\"programa-simposio-4-congreso-antropologias-del-sur_page_2\" data-image-description=\"\" data-image-caption=\"\" data-large-file=\"https:\/\/i0.wp.com\/antropologiasdelsur.org\/wp-content\/uploads\/2016\/10\/Programa-Simposio-4-Congreso-Antropolog%C3%ADas-del-Sur_Page_2.jpg?fit=1024%2C563&amp;ssl=1\" class=\"alignnone wp-image-341\" src=\"https:\/\/i0.wp.com\/antropologiasdelsur.org\/wp-content\/uploads\/2016\/10\/Programa-Simposio-4-Congreso-Antropolog%C3%ADas-del-Sur_Page_2-300x165.jpg?resize=824%2C453\" alt=\"programa-simposio-4-congreso-antropologias-del-sur_page_2\" width=\"824\" height=\"453\" \/><\/a><\/p>\n<p>Ac\u00e1 pueden descargar el PDF del programa del Simposio IV:<\/p>\n<p><a href=\"http:\/\/antropologiasdelsur.org\/wp-content\/uploads\/2016\/10\/Programa-Simposio-4-Congreso-Antropolog\u00edas-del-Sur.pdf\">programa-simposio-4-congreso-antropologias-del-sur<\/a><\/p>\n<p>&nbsp;<\/p>\n<p style=\"text-align: center\"><strong>EJE TEM\u00c1TICO: ARQUEOLOG\u00cdAS DEL SUR<\/strong><\/p>\n<p style=\"text-align: center\"><strong>SIMPOSIO V: ARQUELOGIAS DEL SUR<\/strong><\/p>\n<p>Coordinado por:<\/p>\n<p>Camilo Mor\u00f3n, de la Universidad Nacional Experimental \u201cFrancisco de Miranda\u201d (UNEFM), Falc\u00f3n, Venezuela. camilomoron@gmail.com<\/p>\n<p>Anderson Jaimes, del Museo del T\u00e1chira, T\u00e1chira, y de la Universidad Polit\u00e9cnica Territorial \u201c<em>Kl\u00e9ber Ram\u00edrez<\/em>\u201d (UPTM), M\u00e9rida, Venezuela. <a href=\"mailto:andersonjaimes@gmail.com\">andersonjaimes@gmail.com<\/a><\/p>\n<p>Ac\u00e1 pueden ver el programa del Simposio V con los t\u00edtulos de ponencias, autores, lugares y horario en imagen (en formato JPG y PDF):<\/p>\n<p><a href=\"https:\/\/i0.wp.com\/antropologiasdelsur.org\/wp-content\/uploads\/2016\/10\/Programa-Simposio-5-Congreso-Antropolog%C3%ADas-del-Sur_Page_1.jpg\"><img data-recalc-dims=\"1\" loading=\"lazy\" decoding=\"async\" data-attachment-id=\"343\" data-permalink=\"https:\/\/antropologiasdelsur.org\/?attachment_id=343#main\" data-orig-file=\"https:\/\/i0.wp.com\/antropologiasdelsur.org\/wp-content\/uploads\/2016\/10\/Programa-Simposio-5-Congreso-Antropolog%C3%ADas-del-Sur_Page_1.jpg?fit=1741%2C2362&amp;ssl=1\" data-orig-size=\"1741,2362\" data-comments-opened=\"1\" data-image-meta=\"{&quot;aperture&quot;:&quot;0&quot;,&quot;credit&quot;:&quot;&quot;,&quot;camera&quot;:&quot;&quot;,&quot;caption&quot;:&quot;&quot;,&quot;created_timestamp&quot;:&quot;0&quot;,&quot;copyright&quot;:&quot;&quot;,&quot;focal_length&quot;:&quot;0&quot;,&quot;iso&quot;:&quot;0&quot;,&quot;shutter_speed&quot;:&quot;0&quot;,&quot;title&quot;:&quot;&quot;,&quot;orientation&quot;:&quot;1&quot;}\" data-image-title=\"programa-simposio-5-congreso-antropologias-del-sur_page_1\" data-image-description=\"\" data-image-caption=\"\" data-large-file=\"https:\/\/i0.wp.com\/antropologiasdelsur.org\/wp-content\/uploads\/2016\/10\/Programa-Simposio-5-Congreso-Antropolog%C3%ADas-del-Sur_Page_1.jpg?fit=755%2C1024&amp;ssl=1\" class=\"alignnone wp-image-343\" src=\"https:\/\/i0.wp.com\/antropologiasdelsur.org\/wp-content\/uploads\/2016\/10\/Programa-Simposio-5-Congreso-Antropolog%C3%ADas-del-Sur_Page_1-221x300.jpg?resize=854%2C1159\" alt=\"programa-simposio-5-congreso-antropologias-del-sur_page_1\" width=\"854\" height=\"1159\" \/><\/a><\/p>\n<p><a href=\"https:\/\/i0.wp.com\/antropologiasdelsur.org\/wp-content\/uploads\/2016\/10\/Programa-Simposio-5-Congreso-Antropolog%C3%ADas-del-Sur_Page_2.jpg\"><img data-recalc-dims=\"1\" loading=\"lazy\" decoding=\"async\" data-attachment-id=\"344\" data-permalink=\"https:\/\/antropologiasdelsur.org\/?attachment_id=344#main\" data-orig-file=\"https:\/\/i0.wp.com\/antropologiasdelsur.org\/wp-content\/uploads\/2016\/10\/Programa-Simposio-5-Congreso-Antropolog%C3%ADas-del-Sur_Page_2.jpg?fit=2126%2C1276&amp;ssl=1\" data-orig-size=\"2126,1276\" data-comments-opened=\"1\" data-image-meta=\"{&quot;aperture&quot;:&quot;0&quot;,&quot;credit&quot;:&quot;&quot;,&quot;camera&quot;:&quot;&quot;,&quot;caption&quot;:&quot;&quot;,&quot;created_timestamp&quot;:&quot;0&quot;,&quot;copyright&quot;:&quot;&quot;,&quot;focal_length&quot;:&quot;0&quot;,&quot;iso&quot;:&quot;0&quot;,&quot;shutter_speed&quot;:&quot;0&quot;,&quot;title&quot;:&quot;&quot;,&quot;orientation&quot;:&quot;1&quot;}\" data-image-title=\"programa-simposio-5-congreso-antropologias-del-sur_page_2\" data-image-description=\"\" data-image-caption=\"\" data-large-file=\"https:\/\/i0.wp.com\/antropologiasdelsur.org\/wp-content\/uploads\/2016\/10\/Programa-Simposio-5-Congreso-Antropolog%C3%ADas-del-Sur_Page_2.jpg?fit=1024%2C615&amp;ssl=1\" class=\"alignnone wp-image-344\" src=\"https:\/\/i0.wp.com\/antropologiasdelsur.org\/wp-content\/uploads\/2016\/10\/Programa-Simposio-5-Congreso-Antropolog%C3%ADas-del-Sur_Page_2-300x180.jpg?resize=842%2C505\" alt=\"programa-simposio-5-congreso-antropologias-del-sur_page_2\" width=\"842\" height=\"505\" \/><\/a><\/p>\n<p>Ac\u00e1 pueden descargar el PDF del programa del Simposio V:<\/p>\n<p><a href=\"http:\/\/antropologiasdelsur.org\/wp-content\/uploads\/2016\/10\/Programa-Simposio-5-Congreso-Antropolog\u00edas-del-Sur.pdf\">programa-simposio-5-congreso-antropologias-del-sur<\/a><\/p>\n<p>&nbsp;<\/p>\n<h3 style=\"text-align: center\">EJE TEM\u00c1TICO: INVESTIGACI\u00d3N, GESTI\u00d3N SOCIAL Y CONSERVACI\u00d3N PREVENTIVA DEL ARTE RUPESTRE<\/h3>\n<p style=\"text-align: center\"><strong>SIMPOSIO VI: ARTE RUPESTRE, FUNCIONES ANTIGUAS Y ACTUALES<\/strong><\/p>\n<p>Coordinado por:<\/p>\n<p>Camilo Mor\u00f3n. Centro de Investigaciones Antropol\u00f3gicas, Arqueol\u00f3gicas y Paleontol\u00f3gicas (CIAAP). Aula Laboratorio de Conservaci\u00f3n y Restauraci\u00f3n de Bienes Arqueol\u00f3gicos y Paleontol\u00f3gicos (Alab-CRBAP). Universidad Nacional Experimental Francisco de Miranda. Santa Ana de Coro, Venezuela. <a href=\"mailto:camilomoron@gmail.com\">camilomoron@gmail.com<\/a><\/p>\n<p>Anderson Jaimes. Mag\u00edster en Etnolog\u00eda en la Universidad de Los Andes. Estudiante de Doctorado en Antropolog\u00eda. Museo del T\u00e1chira. Universidad Polit\u00e9cnica Territorial \u201cKl\u00e9ber Ram\u00edrez\u201d (UPTM-KR). Grupo Bordes. San Crist\u00f3bal, Venezuela. . <a href=\"mailto:andersonjaimes@gmail.com\">andersonjaimes@gmail.com<\/a><\/p>\n<p>Ac\u00e1 pueden ver el programa del Simposio VI con los t\u00edtulos de ponencias, autores, lugares y horario en imagen (en formato JPG y PDF):<\/p>\n<p><a href=\"https:\/\/i0.wp.com\/antropologiasdelsur.org\/wp-content\/uploads\/2016\/10\/Programa-Simposio-6-Congreso-Antropolog%C3%ADas-del-Sur.jpg\"><img data-recalc-dims=\"1\" loading=\"lazy\" decoding=\"async\" data-attachment-id=\"346\" data-permalink=\"https:\/\/antropologiasdelsur.org\/?attachment_id=346#main\" data-orig-file=\"https:\/\/i0.wp.com\/antropologiasdelsur.org\/wp-content\/uploads\/2016\/10\/Programa-Simposio-6-Congreso-Antropolog%C3%ADas-del-Sur.jpg?fit=1872%2C2126&amp;ssl=1\" data-orig-size=\"1872,2126\" data-comments-opened=\"1\" data-image-meta=\"{&quot;aperture&quot;:&quot;0&quot;,&quot;credit&quot;:&quot;&quot;,&quot;camera&quot;:&quot;&quot;,&quot;caption&quot;:&quot;&quot;,&quot;created_timestamp&quot;:&quot;0&quot;,&quot;copyright&quot;:&quot;&quot;,&quot;focal_length&quot;:&quot;0&quot;,&quot;iso&quot;:&quot;0&quot;,&quot;shutter_speed&quot;:&quot;0&quot;,&quot;title&quot;:&quot;&quot;,&quot;orientation&quot;:&quot;1&quot;}\" data-image-title=\"programa-simposio-6-congreso-antropologias-del-sur\" data-image-description=\"\" data-image-caption=\"\" data-large-file=\"https:\/\/i0.wp.com\/antropologiasdelsur.org\/wp-content\/uploads\/2016\/10\/Programa-Simposio-6-Congreso-Antropolog%C3%ADas-del-Sur.jpg?fit=902%2C1024&amp;ssl=1\" class=\"alignnone wp-image-346\" src=\"https:\/\/i0.wp.com\/antropologiasdelsur.org\/wp-content\/uploads\/2016\/10\/Programa-Simposio-6-Congreso-Antropolog%C3%ADas-del-Sur-264x300.jpg?resize=885%2C1006\" alt=\"programa-simposio-6-congreso-antropologias-del-sur\" width=\"885\" height=\"1006\" \/><\/a><\/p>\n<p>Ac\u00e1 pueden descargar el PDF del programa del Simposio VI:<\/p>\n<p><a href=\"http:\/\/antropologiasdelsur.org\/wp-content\/uploads\/2016\/10\/Programa-Simposio-6-Congreso-Antropolog\u00edas-del-Sur.pdf\">programa-simposio-6-congreso-antropologias-del-sur<\/a><\/p>\n<p>&nbsp;<\/p>\n<h3 style=\"text-align: center\">EJE TEM\u00c1TICO: <strong>ANTROPOLOG\u00cdAS DEL SUR, COMUNICACI\u00d3N PEDAG\u00d3GICA Y ARTES<\/strong><\/h3>\n<p style=\"text-align: center\"><strong>SIMPOSIO VII: VISI\u00d3N ANTROPOL\u00d3GICA DE LAS ARTES Y DE LA COMUNICACI\u00d3N<\/strong><\/p>\n<p>Coordinado por:<\/p>\n<p>Rosa Iraima Sulbar\u00e1n. Doctora en Antropolog\u00eda. Universidad Experimental de las Artes (UNEARTE). Caracas, Venezuela. iraimasulbaran89@gmail.com<\/p>\n<p>Carlos Camacho. Universidad Nacional Experimental Sur del Lago (UNESUR. M\u00e9rida, Venezuela. <a href=\"mailto:carlosacamachov@gmail.com\">carlosacamachov@gmail.com<\/a><\/p>\n<p>Ac\u00e1 pueden ver el programa del Simposio VII con los t\u00edtulos de ponencias, autores, lugares y horario en imagen (en formato JPG y PDF):<\/p>\n<p><a href=\"https:\/\/i0.wp.com\/antropologiasdelsur.org\/wp-content\/uploads\/2016\/10\/Programa-Simposio-7-Congreso-Antropolog%C3%ADas-del-Sur-1.jpg\"><img data-recalc-dims=\"1\" loading=\"lazy\" decoding=\"async\" data-attachment-id=\"398\" data-permalink=\"https:\/\/antropologiasdelsur.org\/?attachment_id=398#main\" data-orig-file=\"https:\/\/i0.wp.com\/antropologiasdelsur.org\/wp-content\/uploads\/2016\/10\/Programa-Simposio-7-Congreso-Antropolog%C3%ADas-del-Sur-1.jpg?fit=1776%2C2362&amp;ssl=1\" data-orig-size=\"1776,2362\" data-comments-opened=\"1\" data-image-meta=\"{&quot;aperture&quot;:&quot;0&quot;,&quot;credit&quot;:&quot;&quot;,&quot;camera&quot;:&quot;&quot;,&quot;caption&quot;:&quot;&quot;,&quot;created_timestamp&quot;:&quot;0&quot;,&quot;copyright&quot;:&quot;&quot;,&quot;focal_length&quot;:&quot;0&quot;,&quot;iso&quot;:&quot;0&quot;,&quot;shutter_speed&quot;:&quot;0&quot;,&quot;title&quot;:&quot;&quot;,&quot;orientation&quot;:&quot;1&quot;}\" data-image-title=\"programa-simposio-7-congreso-antropologias-del-sur\" data-image-description=\"\" data-image-caption=\"\" data-large-file=\"https:\/\/i0.wp.com\/antropologiasdelsur.org\/wp-content\/uploads\/2016\/10\/Programa-Simposio-7-Congreso-Antropolog%C3%ADas-del-Sur-1.jpg?fit=770%2C1024&amp;ssl=1\" class=\"alignnone wp-image-398\" src=\"https:\/\/i0.wp.com\/antropologiasdelsur.org\/wp-content\/uploads\/2016\/10\/Programa-Simposio-7-Congreso-Antropolog%C3%ADas-del-Sur-1-226x300.jpg?resize=892%2C1184\" alt=\"programa-simposio-7-congreso-antropologias-del-sur\" width=\"892\" height=\"1184\" \/><\/a><\/p>\n<p>Ac\u00e1 pueden descargar el PDF del programa del Simposio VII:<\/p>\n<p><a href=\"http:\/\/antropologiasdelsur.org\/wp-content\/uploads\/2016\/10\/Programa-Simposio-7-Congreso-Antropolog\u00edas-del-Sur-1.pdf\">programa-simposio-7-congreso-antropologias-del-sur<\/a><\/p>\n<p>&nbsp;<\/p>\n<p style=\"text-align: center\"><strong>EJE TEM\u00c1TICO: EDUCACI\u00d3N, SOCIEDAD Y CULTURA<\/strong><\/p>\n<p style=\"text-align: center\"><strong>SIMPOSIO VIII: ANTROPOLOGIAS Y EDUCACI\u00d3N DEL SUR Y PARA EL SUR<\/strong><\/p>\n<p>Coordinado por:<\/p>\n<p>Yanitza Lolaneyra Albarr\u00e1n. Docente del CUHELAV, Investigadora del Grupo VALEC. Universidad de Los Andes. Miembro del Centro de Investigaciones Comprometidas (CEEC). M\u00e9rida, Venezuela. <a href=\"mailto:yanitlr@gmail.com\">yanitlr@gmail.com<\/a> \/ <a href=\"mailto:yanitza.albarran@hotelescuela.org.ve\">yanitza.albarran@hotelescuela.org.ve<\/a><\/p>\n<p>MariCarmen P\u00e9rez de Vi\u00f1a. MSc. en Ciencias Pol\u00edticas. Doctoranda en el Doctorado en Estudios Pol\u00edticos (ULA). Investigadora Activa del G-MIO de la Facultad de Odontolog\u00eda de la Universidad de Los Andes. M\u00e9rida, Venezuela. <a href=\"mailto:maricarmenperezvina@gmail.com\">maricarmenperezvina@gmail.com<\/a><\/p>\n<p>Ac\u00e1 pueden ver el programa del Simposio VIII con los t\u00edtulos de ponencias, autores, lugares y horario en imagen (en formato JPG y PDF):<\/p>\n<p><a href=\"https:\/\/i0.wp.com\/antropologiasdelsur.org\/wp-content\/uploads\/2016\/10\/Programa-Simposio-8-Congreso-Antropolog%C3%ADas-del-Sur.jpg\"><img data-recalc-dims=\"1\" loading=\"lazy\" decoding=\"async\" data-attachment-id=\"350\" data-permalink=\"https:\/\/antropologiasdelsur.org\/?attachment_id=350#main\" data-orig-file=\"https:\/\/i0.wp.com\/antropologiasdelsur.org\/wp-content\/uploads\/2016\/10\/Programa-Simposio-8-Congreso-Antropolog%C3%ADas-del-Sur.jpg?fit=1767%2C2362&amp;ssl=1\" data-orig-size=\"1767,2362\" data-comments-opened=\"1\" data-image-meta=\"{&quot;aperture&quot;:&quot;0&quot;,&quot;credit&quot;:&quot;&quot;,&quot;camera&quot;:&quot;&quot;,&quot;caption&quot;:&quot;&quot;,&quot;created_timestamp&quot;:&quot;0&quot;,&quot;copyright&quot;:&quot;&quot;,&quot;focal_length&quot;:&quot;0&quot;,&quot;iso&quot;:&quot;0&quot;,&quot;shutter_speed&quot;:&quot;0&quot;,&quot;title&quot;:&quot;&quot;,&quot;orientation&quot;:&quot;1&quot;}\" data-image-title=\"programa-simposio-8-congreso-antropologias-del-sur\" data-image-description=\"\" data-image-caption=\"\" data-large-file=\"https:\/\/i0.wp.com\/antropologiasdelsur.org\/wp-content\/uploads\/2016\/10\/Programa-Simposio-8-Congreso-Antropolog%C3%ADas-del-Sur.jpg?fit=766%2C1024&amp;ssl=1\" class=\"alignnone wp-image-350\" src=\"https:\/\/i0.wp.com\/antropologiasdelsur.org\/wp-content\/uploads\/2016\/10\/Programa-Simposio-8-Congreso-Antropolog%C3%ADas-del-Sur-224x300.jpg?resize=843%2C1129\" alt=\"programa-simposio-8-congreso-antropologias-del-sur\" width=\"843\" height=\"1129\" \/><\/a><\/p>\n<p>Ac\u00e1 pueden descargar el PDF del programa del Simposio VIII:<\/p>\n<p><a href=\"http:\/\/antropologiasdelsur.org\/wp-content\/uploads\/2016\/10\/Programa-Simposio-8-Congreso-Antropolog\u00edas-del-Sur.pdf\">programa-simposio-8-congreso-antropologias-del-sur<\/a><\/p>\n<p>&nbsp;<\/p>\n<p style=\"text-align: center\"><strong>SIMPOSIO IX: <\/strong><strong>ANTROPOLOGIAS DEL SUR, CUESTIONES URBANAS Y VIVIENDA<\/strong><\/p>\n<p>Coordinado por:<\/p>\n<p>Francisco Hern\u00e1ndez. Doctor en Antropolog\u00eda, Profesor de la Universidad Experimental de los Llanos Ezequiel Zamora (UNELLEZ), Barinas, Venezuela. <a href=\"mailto:franc2604@gmail.com\">franc2604@gmail.com<\/a><\/p>\n<p>Arq. Adri\u00e1n Navia. Universidad de Los Andes (ULA), M\u00e9rida, Venezuela. <a href=\"mailto:adrian_via@hotmail.com\">adrian_via@hotmail.com<\/a><\/p>\n<p>Ac\u00e1 pueden ver el programa del Simposio IX con los t\u00edtulos de ponencias, autores, lugares y horario en imagen (en formato JPG y PDF):<\/p>\n<p><a href=\"https:\/\/i0.wp.com\/antropologiasdelsur.org\/wp-content\/uploads\/2016\/10\/Programa-Simposio-9-Congreso-Antropolog%C3%ADas-del-Sur.jpg\"><img data-recalc-dims=\"1\" loading=\"lazy\" decoding=\"async\" data-attachment-id=\"352\" data-permalink=\"https:\/\/antropologiasdelsur.org\/?attachment_id=352#main\" data-orig-file=\"https:\/\/i0.wp.com\/antropologiasdelsur.org\/wp-content\/uploads\/2016\/10\/Programa-Simposio-9-Congreso-Antropolog%C3%ADas-del-Sur.jpg?fit=1833%2C2126&amp;ssl=1\" data-orig-size=\"1833,2126\" data-comments-opened=\"1\" data-image-meta=\"{&quot;aperture&quot;:&quot;0&quot;,&quot;credit&quot;:&quot;&quot;,&quot;camera&quot;:&quot;&quot;,&quot;caption&quot;:&quot;&quot;,&quot;created_timestamp&quot;:&quot;0&quot;,&quot;copyright&quot;:&quot;&quot;,&quot;focal_length&quot;:&quot;0&quot;,&quot;iso&quot;:&quot;0&quot;,&quot;shutter_speed&quot;:&quot;0&quot;,&quot;title&quot;:&quot;&quot;,&quot;orientation&quot;:&quot;1&quot;}\" data-image-title=\"programa-simposio-9-congreso-antropologias-del-sur\" data-image-description=\"\" data-image-caption=\"\" data-large-file=\"https:\/\/i0.wp.com\/antropologiasdelsur.org\/wp-content\/uploads\/2016\/10\/Programa-Simposio-9-Congreso-Antropolog%C3%ADas-del-Sur.jpg?fit=883%2C1024&amp;ssl=1\" class=\"alignnone wp-image-352\" src=\"https:\/\/i0.wp.com\/antropologiasdelsur.org\/wp-content\/uploads\/2016\/10\/Programa-Simposio-9-Congreso-Antropolog%C3%ADas-del-Sur-259x300.jpg?resize=848%2C982\" alt=\"programa-simposio-9-congreso-antropologias-del-sur\" width=\"848\" height=\"982\" \/><\/a><\/p>\n<p>Ac\u00e1 pueden descargar el PDF del programa del Simposio IX:<\/p>\n<p><a href=\"http:\/\/antropologiasdelsur.org\/wp-content\/uploads\/2016\/10\/Programa-Simposio-9-Congreso-Antropolog\u00edas-del-Sur.pdf\">programa-simposio-9-congreso-antropologias-del-sur<\/a><\/p>\n<p>&nbsp;<\/p>\n<p style=\"text-align: center\"><strong>SIMPOSIO X: ANTROPOLOGIAS DEL SUR, G\u00c9NERO, SALUD E IDENTIDADES<\/strong><\/p>\n<p>Coordinado por:<\/p>\n<p>Carmen Teresa Garc\u00eda R. Profesora de Facultad de Humanidades y Educaci\u00f3n, ULA, M\u00e9rida, Venezuela. <a href=\"mailto:ctgarcia@ula.ve\">ctgarcia@ula.ve<\/a>, ctgarcia9@gmail.com<\/p>\n<p>Nahir Monsalve, docente MPPE e integrante del Movimiento de Mujeres de M\u00e9rida, M\u00e9rida, Venezuela. <a href=\"mailto:nahir86@yahoo.es\">nahir86@yahoo.es<\/a><\/p>\n<p>Ac\u00e1 pueden ver el programa del Simposio X con los t\u00edtulos de ponencias, autores, lugares y horario en imagen (en formato JPG y PDF):<\/p>\n<p><a href=\"https:\/\/i0.wp.com\/antropologiasdelsur.org\/wp-content\/uploads\/2016\/10\/Programa-Simposio-10-Congreso-Antropolog%C3%ADas-del-Sur.jpg\"><img data-recalc-dims=\"1\" loading=\"lazy\" decoding=\"async\" data-attachment-id=\"354\" data-permalink=\"https:\/\/antropologiasdelsur.org\/?attachment_id=354#main\" data-orig-file=\"https:\/\/i0.wp.com\/antropologiasdelsur.org\/wp-content\/uploads\/2016\/10\/Programa-Simposio-10-Congreso-Antropolog%C3%ADas-del-Sur.jpg?fit=2002%2C2362&amp;ssl=1\" data-orig-size=\"2002,2362\" data-comments-opened=\"1\" data-image-meta=\"{&quot;aperture&quot;:&quot;0&quot;,&quot;credit&quot;:&quot;&quot;,&quot;camera&quot;:&quot;&quot;,&quot;caption&quot;:&quot;&quot;,&quot;created_timestamp&quot;:&quot;0&quot;,&quot;copyright&quot;:&quot;&quot;,&quot;focal_length&quot;:&quot;0&quot;,&quot;iso&quot;:&quot;0&quot;,&quot;shutter_speed&quot;:&quot;0&quot;,&quot;title&quot;:&quot;&quot;,&quot;orientation&quot;:&quot;1&quot;}\" data-image-title=\"programa-simposio-10-congreso-antropologias-del-sur\" data-image-description=\"\" data-image-caption=\"\" data-large-file=\"https:\/\/i0.wp.com\/antropologiasdelsur.org\/wp-content\/uploads\/2016\/10\/Programa-Simposio-10-Congreso-Antropolog%C3%ADas-del-Sur.jpg?fit=868%2C1024&amp;ssl=1\" class=\"alignnone wp-image-354\" src=\"https:\/\/i0.wp.com\/antropologiasdelsur.org\/wp-content\/uploads\/2016\/10\/Programa-Simposio-10-Congreso-Antropolog%C3%ADas-del-Sur-254x300.jpg?resize=833%2C984\" alt=\"programa-simposio-10-congreso-antropologias-del-sur\" width=\"833\" height=\"984\" \/><\/a><\/p>\n<p>Ac\u00e1 pueden descargar el PDF del programa del Simposio X:<\/p>\n<p><a href=\"http:\/\/antropologiasdelsur.org\/wp-content\/uploads\/2016\/10\/Programa-Simposio-10-Congreso-Antropolog\u00edas-del-Sur.pdf\">programa-simposio-10-congreso-antropologias-del-sur<\/a><\/p>\n<p>&nbsp;<\/p>\n<p style=\"text-align: center\"><strong>SIMPOSIO XI: ANTROPOLOGIAS DEL SUR Y TECNOLOGIAS LIBRES<\/strong><\/p>\n<p>Coordinado por:<\/p>\n<p>Mar\u00eda Angela Petrizzo. Colegio Universitario Hotel Escuela de Los Andes Venezolanos (CUHELAV), M\u00e9rida, Venezuela. <a href=\"mailto:petrizzo@gmail.com\">petrizzo@gmail.com<\/a><\/p>\n<p>Ac\u00e1 pueden ver el programa del Simposio XI con los t\u00edtulos de ponencias, autores, lugares y horario en imagen (en formato JPG y PDF):<\/p>\n<p><a href=\"https:\/\/i0.wp.com\/antropologiasdelsur.org\/wp-content\/uploads\/2016\/10\/Programa-Simposio-11-Congreso-Antropolog%C3%ADas-del-Sur.jpg\"><img data-recalc-dims=\"1\" loading=\"lazy\" decoding=\"async\" data-attachment-id=\"356\" data-permalink=\"https:\/\/antropologiasdelsur.org\/?attachment_id=356#main\" data-orig-file=\"https:\/\/i0.wp.com\/antropologiasdelsur.org\/wp-content\/uploads\/2016\/10\/Programa-Simposio-11-Congreso-Antropolog%C3%ADas-del-Sur.jpg?fit=2020%2C2126&amp;ssl=1\" data-orig-size=\"2020,2126\" data-comments-opened=\"1\" data-image-meta=\"{&quot;aperture&quot;:&quot;0&quot;,&quot;credit&quot;:&quot;&quot;,&quot;camera&quot;:&quot;&quot;,&quot;caption&quot;:&quot;&quot;,&quot;created_timestamp&quot;:&quot;0&quot;,&quot;copyright&quot;:&quot;&quot;,&quot;focal_length&quot;:&quot;0&quot;,&quot;iso&quot;:&quot;0&quot;,&quot;shutter_speed&quot;:&quot;0&quot;,&quot;title&quot;:&quot;&quot;,&quot;orientation&quot;:&quot;1&quot;}\" data-image-title=\"programa-simposio-11-congreso-antropologias-del-sur\" data-image-description=\"\" data-image-caption=\"\" data-large-file=\"https:\/\/i0.wp.com\/antropologiasdelsur.org\/wp-content\/uploads\/2016\/10\/Programa-Simposio-11-Congreso-Antropolog%C3%ADas-del-Sur.jpg?fit=973%2C1024&amp;ssl=1\" class=\"alignnone wp-image-356\" src=\"https:\/\/i0.wp.com\/antropologiasdelsur.org\/wp-content\/uploads\/2016\/10\/Programa-Simposio-11-Congreso-Antropolog%C3%ADas-del-Sur-285x300.jpg?resize=827%2C871\" alt=\"programa-simposio-11-congreso-antropologias-del-sur\" width=\"827\" height=\"871\" \/><\/a><\/p>\n<p>Ac\u00e1 pueden descargar el PDF del programa del Simposio XI:<\/p>\n<p><a href=\"http:\/\/antropologiasdelsur.org\/wp-content\/uploads\/2016\/10\/Programa-Simposio-11-Congreso-Antropolog\u00edas-del-Sur.pdf\">programa-simposio-11-congreso-antropologias-del-sur<\/a><\/p>\n<p>&nbsp;<\/p>\n<p style=\"text-align: center\"><strong>EJE TEM\u00c1TICO: BIOANTROPOLOG\u00cdA<\/strong><\/p>\n<p style=\"text-align: center\"><strong>SIMPOSIO XII: AVANCES DE LA ANTROPOLOG\u00cdA FORENSE Y OTRAS APLICACIONES EN AM\u00c9RICA LATINA<\/strong><\/p>\n<p>Coordinado por:<\/p>\n<p>Carlos Garc\u00eda S\u00edvoli, Prof. de la Facultad de Odontolog\u00eda, de la Universidad de Los Andes, M\u00e9rida, Venezuela<\/p>\n<p><a href=\"mailto:sivolig@gmail.com\">sivolig@gmail.com<\/a><\/p>\n<p>Emanuel Emilio Valera. Antrop. Forense II. Unidad Criminal\u00edstica Contra la Vulneraci\u00f3n de Derechos Fundamentales del \u00c1rea Metropolitana de Caracas, Ministerio P\u00fablico\/ Presidente de la Sociedad Venezolana de Antropolog\u00eda F\u00edsica \u201cCharles Darwin\u201d (SOVENAF)<\/p>\n<p><a href=\"mailto:emanuelevalera@gmail.com\">emanuelevalera@gmail.com<\/a><\/p>\n<p>Ac\u00e1 pueden ver el programa del Simposio XII con los t\u00edtulos de ponencias, autores, lugares y horario en imagen (en formato JPG y PDF):<\/p>\n<p><a href=\"https:\/\/i0.wp.com\/antropologiasdelsur.org\/wp-content\/uploads\/2016\/10\/Programa-Simposio-12-Congreso-Antropolog%C3%ADas-del-Sur_Page_1.jpg\"><img data-recalc-dims=\"1\" loading=\"lazy\" decoding=\"async\" data-attachment-id=\"400\" data-permalink=\"https:\/\/antropologiasdelsur.org\/?attachment_id=400#main\" data-orig-file=\"https:\/\/i0.wp.com\/antropologiasdelsur.org\/wp-content\/uploads\/2016\/10\/Programa-Simposio-12-Congreso-Antropolog%C3%ADas-del-Sur_Page_1.jpg?fit=1677%2C2362&amp;ssl=1\" data-orig-size=\"1677,2362\" data-comments-opened=\"1\" data-image-meta=\"{&quot;aperture&quot;:&quot;0&quot;,&quot;credit&quot;:&quot;&quot;,&quot;camera&quot;:&quot;&quot;,&quot;caption&quot;:&quot;&quot;,&quot;created_timestamp&quot;:&quot;0&quot;,&quot;copyright&quot;:&quot;&quot;,&quot;focal_length&quot;:&quot;0&quot;,&quot;iso&quot;:&quot;0&quot;,&quot;shutter_speed&quot;:&quot;0&quot;,&quot;title&quot;:&quot;&quot;,&quot;orientation&quot;:&quot;1&quot;}\" data-image-title=\"programa-simposio-12-congreso-antropologias-del-sur_page_1\" data-image-description=\"\" data-image-caption=\"\" data-large-file=\"https:\/\/i0.wp.com\/antropologiasdelsur.org\/wp-content\/uploads\/2016\/10\/Programa-Simposio-12-Congreso-Antropolog%C3%ADas-del-Sur_Page_1.jpg?fit=727%2C1024&amp;ssl=1\" class=\"alignnone wp-image-400\" src=\"https:\/\/i0.wp.com\/antropologiasdelsur.org\/wp-content\/uploads\/2016\/10\/Programa-Simposio-12-Congreso-Antropolog%C3%ADas-del-Sur_Page_1-213x300.jpg?resize=855%2C1204\" alt=\"programa-simposio-12-congreso-antropologias-del-sur_page_1\" width=\"855\" height=\"1204\" \/><\/a><\/p>\n<p><a href=\"https:\/\/i0.wp.com\/antropologiasdelsur.org\/wp-content\/uploads\/2016\/10\/Programa-Simposio-12-Congreso-Antropolog%C3%ADas-del-Sur_Page_2.jpg\"><img data-recalc-dims=\"1\" loading=\"lazy\" decoding=\"async\" data-attachment-id=\"401\" data-permalink=\"https:\/\/antropologiasdelsur.org\/?attachment_id=401#main\" data-orig-file=\"https:\/\/i0.wp.com\/antropologiasdelsur.org\/wp-content\/uploads\/2016\/10\/Programa-Simposio-12-Congreso-Antropolog%C3%ADas-del-Sur_Page_2.jpg?fit=1772%2C1552&amp;ssl=1\" data-orig-size=\"1772,1552\" data-comments-opened=\"1\" data-image-meta=\"{&quot;aperture&quot;:&quot;0&quot;,&quot;credit&quot;:&quot;&quot;,&quot;camera&quot;:&quot;&quot;,&quot;caption&quot;:&quot;&quot;,&quot;created_timestamp&quot;:&quot;0&quot;,&quot;copyright&quot;:&quot;&quot;,&quot;focal_length&quot;:&quot;0&quot;,&quot;iso&quot;:&quot;0&quot;,&quot;shutter_speed&quot;:&quot;0&quot;,&quot;title&quot;:&quot;&quot;,&quot;orientation&quot;:&quot;1&quot;}\" data-image-title=\"programa-simposio-12-congreso-antropologias-del-sur_page_2\" data-image-description=\"\" data-image-caption=\"\" data-large-file=\"https:\/\/i0.wp.com\/antropologiasdelsur.org\/wp-content\/uploads\/2016\/10\/Programa-Simposio-12-Congreso-Antropolog%C3%ADas-del-Sur_Page_2.jpg?fit=1024%2C897&amp;ssl=1\" class=\"alignnone wp-image-401\" src=\"https:\/\/i0.wp.com\/antropologiasdelsur.org\/wp-content\/uploads\/2016\/10\/Programa-Simposio-12-Congreso-Antropolog%C3%ADas-del-Sur_Page_2-300x263.jpg?resize=834%2C731\" alt=\"programa-simposio-12-congreso-antropologias-del-sur_page_2\" width=\"834\" height=\"731\" \/><\/a><\/p>\n<p>Ac\u00e1 pueden descargar el PDF del programa del Simposio XII:<\/p>\n<p><a href=\"http:\/\/antropologiasdelsur.org\/wp-content\/uploads\/2016\/10\/Programa-Simposio-12-Congreso-Antropolog\u00edas-del-Sur-1.pdf\">programa-simposio-12-congreso-antropologias-del-sur<\/a><\/p>\n<p>&nbsp;<\/p>\n<p style=\"text-align: center\"><strong>SIMPOSIO XIII: BIOANTROPOLOG\u00cdA DE COMUNIDADES Y PUEBLOS IND\u00cdGENAS ACTUALES Y PRET\u00c9RITAS DEL SUR<\/strong><\/p>\n<p>Coordinado por:<\/p>\n<p>Merny Samantha Barrios. Miembro fundadora de la Sociedad Venezolana de Antropolog\u00eda F\u00edsica \u201cCharles Darwin\u201d (SOVENAF). <a href=\"mailto:sovenaf@gmail.com\">sovenaf@gmail.com<\/a>; <a href=\"mailto:merny27@gmail.com\">merny27@gmail.com<\/a><\/p>\n<p>Edgar Hern\u00e1ndez Valero. Tesorero de la Sociedad Venezolana de Antropolog\u00eda F\u00edsica \u201cCharles Darwin\u201d (SOVENAF). <a href=\"mailto:sovenaf@gmail.com\">sovenaf@gmail.com<\/a>; <a href=\"mailto:edeharn@yahoo.de\">edeharn@yahoo.de<\/a><\/p>\n<p>Ac\u00e1 pueden ver el programa del Simposio XIII con los t\u00edtulos de ponencias, autores, lugares y horario en imagen (en formato JPG y PDF):<\/p>\n<p><a href=\"https:\/\/i0.wp.com\/antropologiasdelsur.org\/wp-content\/uploads\/2016\/10\/Programa-Simposio-13-Congreso-Antropolog%C3%ADas-del-Sur.jpg\"><img data-recalc-dims=\"1\" loading=\"lazy\" decoding=\"async\" data-attachment-id=\"360\" data-permalink=\"https:\/\/antropologiasdelsur.org\/?attachment_id=360#main\" data-orig-file=\"https:\/\/i0.wp.com\/antropologiasdelsur.org\/wp-content\/uploads\/2016\/10\/Programa-Simposio-13-Congreso-Antropolog%C3%ADas-del-Sur.jpg?fit=1796%2C2126&amp;ssl=1\" data-orig-size=\"1796,2126\" data-comments-opened=\"1\" data-image-meta=\"{&quot;aperture&quot;:&quot;0&quot;,&quot;credit&quot;:&quot;&quot;,&quot;camera&quot;:&quot;&quot;,&quot;caption&quot;:&quot;&quot;,&quot;created_timestamp&quot;:&quot;0&quot;,&quot;copyright&quot;:&quot;&quot;,&quot;focal_length&quot;:&quot;0&quot;,&quot;iso&quot;:&quot;0&quot;,&quot;shutter_speed&quot;:&quot;0&quot;,&quot;title&quot;:&quot;&quot;,&quot;orientation&quot;:&quot;1&quot;}\" data-image-title=\"programa-simposio-13-congreso-antropologias-del-sur\" data-image-description=\"\" data-image-caption=\"\" data-large-file=\"https:\/\/i0.wp.com\/antropologiasdelsur.org\/wp-content\/uploads\/2016\/10\/Programa-Simposio-13-Congreso-Antropolog%C3%ADas-del-Sur.jpg?fit=865%2C1024&amp;ssl=1\" class=\"alignnone wp-image-360\" src=\"https:\/\/i0.wp.com\/antropologiasdelsur.org\/wp-content\/uploads\/2016\/10\/Programa-Simposio-13-Congreso-Antropolog%C3%ADas-del-Sur-253x300.jpg?resize=857%2C1016\" alt=\"programa-simposio-13-congreso-antropologias-del-sur\" width=\"857\" height=\"1016\" \/><\/a><\/p>\n<p>Ac\u00e1 pueden descargar el PDF del programa del Simposio XIII:<\/p>\n<p><a href=\"http:\/\/antropologiasdelsur.org\/wp-content\/uploads\/2016\/10\/Programa-Simposio-13-Congreso-Antropolog\u00edas-del-Sur.pdf\">programa-simposio-13-congreso-antropologias-del-sur<\/a><\/p>\n<p>&nbsp;<\/p>\n<p style=\"text-align: center\"><strong>EJE TEM\u00c1TICO: <\/strong><strong>ESTUDIOS IND\u00cdGENAS DEL SUR<\/strong><\/p>\n<p style=\"text-align: center\"><strong>SIMPOSIO XIV: NUEVOS ENFOQUES HIST\u00d3RICOS Y CONCEPTUALES SOBRE LOS PUEBLOS INDOAMERICANOS<\/strong><\/p>\n<p>Coordinado por:<\/p>\n<p>Esteban Emilio Mosonyi, Profesor de la UCV, Caracas. Venezuela. <a href=\"mailto:eemosonyi@gmail.com\">eemosonyi@gmail.com<\/a><\/p>\n<p>Omar Gonz\u00e1lez \u00d1\u00e1\u00f1ez, Profesor de la UCV, Caracas, Venezuela. <a href=\"mailto:wamudana@gmail.com\">wamudana@gmail.com<\/a><\/p>\n<p>Ac\u00e1 pueden ver el programa del Simposio XIV con los t\u00edtulos de ponencias, autores, lugares y horario en imagen (en formato JPG y PDF):<\/p>\n<p><a href=\"https:\/\/i0.wp.com\/antropologiasdelsur.org\/wp-content\/uploads\/2016\/10\/Programa-Simposio-14-Congreso-Antropolog%C3%ADas-del-Sur.jpg\"><img data-recalc-dims=\"1\" loading=\"lazy\" decoding=\"async\" data-attachment-id=\"362\" data-permalink=\"https:\/\/antropologiasdelsur.org\/?attachment_id=362#main\" data-orig-file=\"https:\/\/i0.wp.com\/antropologiasdelsur.org\/wp-content\/uploads\/2016\/10\/Programa-Simposio-14-Congreso-Antropolog%C3%ADas-del-Sur.jpg?fit=1923%2C2362&amp;ssl=1\" data-orig-size=\"1923,2362\" data-comments-opened=\"1\" data-image-meta=\"{&quot;aperture&quot;:&quot;0&quot;,&quot;credit&quot;:&quot;&quot;,&quot;camera&quot;:&quot;&quot;,&quot;caption&quot;:&quot;&quot;,&quot;created_timestamp&quot;:&quot;0&quot;,&quot;copyright&quot;:&quot;&quot;,&quot;focal_length&quot;:&quot;0&quot;,&quot;iso&quot;:&quot;0&quot;,&quot;shutter_speed&quot;:&quot;0&quot;,&quot;title&quot;:&quot;&quot;,&quot;orientation&quot;:&quot;1&quot;}\" data-image-title=\"programa-simposio-14-congreso-antropologias-del-sur\" data-image-description=\"\" data-image-caption=\"\" data-large-file=\"https:\/\/i0.wp.com\/antropologiasdelsur.org\/wp-content\/uploads\/2016\/10\/Programa-Simposio-14-Congreso-Antropolog%C3%ADas-del-Sur.jpg?fit=834%2C1024&amp;ssl=1\" class=\"alignnone wp-image-362\" src=\"https:\/\/i0.wp.com\/antropologiasdelsur.org\/wp-content\/uploads\/2016\/10\/Programa-Simposio-14-Congreso-Antropolog%C3%ADas-del-Sur-244x300.jpg?resize=858%2C1055\" alt=\"programa-simposio-14-congreso-antropologias-del-sur\" width=\"858\" height=\"1055\" \/><\/a><\/p>\n<p>Ac\u00e1 pueden descargar el PDF del programa del Simposio XIV:<\/p>\n<p><a href=\"http:\/\/antropologiasdelsur.org\/wp-content\/uploads\/2016\/10\/Programa-Simposio-14-Congreso-Antropolog\u00edas-del-Sur.pdf\">programa-simposio-14-congreso-antropologias-del-sur<\/a><\/p>\n<p>&nbsp;<\/p>\n<p style=\"text-align: center\"><strong>SIMPOSIO XV: LA REALIDAD IND\u00cdGENA DE VENEZUELA EN LA ACTUALIDAD VISI\u00d3N CR\u00cdTICA Y PROACTIVA<\/strong><\/p>\n<p>Coordinado por:<\/p>\n<p>Esteban Emilio Mosonyi, Prof. de la UCV, Caracas, Venezuela. <a href=\"mailto:eemosonyi@gmail.com\">eemosonyi@gmail.com<\/a><\/p>\n<p>Omar Gonz\u00e1lez \u00d1\u00e1\u00f1ez, Prof. de la UCV, Caracas, Venezuela. <a href=\"mailto:wamudana@gmail.com\">wamudana@gmail.com<\/a><\/p>\n<p>Ac\u00e1 pueden ver el programa del Simposio XV con los t\u00edtulos de ponencias, autores, lugares y horario en imagen (en formato JPG y PDF):<\/p>\n<p><a href=\"https:\/\/i0.wp.com\/antropologiasdelsur.org\/wp-content\/uploads\/2016\/10\/Programa-Simposio-15-Congreso-Antropolog%C3%ADas-del-Sur_Page_1.jpg\"><img data-recalc-dims=\"1\" loading=\"lazy\" decoding=\"async\" data-attachment-id=\"364\" data-permalink=\"https:\/\/antropologiasdelsur.org\/?attachment_id=364#main\" data-orig-file=\"https:\/\/i0.wp.com\/antropologiasdelsur.org\/wp-content\/uploads\/2016\/10\/Programa-Simposio-15-Congreso-Antropolog%C3%ADas-del-Sur_Page_1.jpg?fit=1737%2C2362&amp;ssl=1\" data-orig-size=\"1737,2362\" data-comments-opened=\"1\" data-image-meta=\"{&quot;aperture&quot;:&quot;0&quot;,&quot;credit&quot;:&quot;&quot;,&quot;camera&quot;:&quot;&quot;,&quot;caption&quot;:&quot;&quot;,&quot;created_timestamp&quot;:&quot;0&quot;,&quot;copyright&quot;:&quot;&quot;,&quot;focal_length&quot;:&quot;0&quot;,&quot;iso&quot;:&quot;0&quot;,&quot;shutter_speed&quot;:&quot;0&quot;,&quot;title&quot;:&quot;&quot;,&quot;orientation&quot;:&quot;1&quot;}\" data-image-title=\"programa-simposio-15-congreso-antropologias-del-sur_page_1\" data-image-description=\"\" data-image-caption=\"\" data-large-file=\"https:\/\/i0.wp.com\/antropologiasdelsur.org\/wp-content\/uploads\/2016\/10\/Programa-Simposio-15-Congreso-Antropolog%C3%ADas-del-Sur_Page_1.jpg?fit=753%2C1024&amp;ssl=1\" class=\"alignnone wp-image-364\" src=\"https:\/\/i0.wp.com\/antropologiasdelsur.org\/wp-content\/uploads\/2016\/10\/Programa-Simposio-15-Congreso-Antropolog%C3%ADas-del-Sur_Page_1-221x300.jpg?resize=839%2C1139\" alt=\"programa-simposio-15-congreso-antropologias-del-sur_page_1\" width=\"839\" height=\"1139\" \/><\/a><\/p>\n<p>Ac\u00e1 pueden descargar el PDF del programa del Simposio XV:<\/p>\n<p><a href=\"http:\/\/antropologiasdelsur.org\/wp-content\/uploads\/2016\/10\/Programa-Simposio-15-Congreso-Antropolog\u00edas-del-Sur.pdf\">programa-simposio-15-congreso-antropologias-del-sur<\/a><\/p>\n<p>&nbsp;<\/p>\n<p style=\"text-align: center\"><strong>EJE TEM\u00c1TICO: <\/strong><strong>TURISMO EN EL SUR<\/strong><\/p>\n<p style=\"text-align: center\"><strong>SIMPOSIO XVI: TURISMO EN EL SUR<\/strong><\/p>\n<p>Coordinado por:<\/p>\n<p>William D\u00edaz. Profesor del Colegio Universitario Hotel Escuela de los Andes Venezolanos (CUHELAV). M\u00e9rida, Venezuela. <a href=\"mailto:william.diaz@hotelescuela.org.ve\">william.diaz@hotelescuela.org.ve<\/a><\/p>\n<p>Juan Luj\u00e1n. Profesor del Colegio Universitario Hotel Escuela de los Andes Venezolanos (CUHELAV). M\u00e9rida, Venezuela. <a href=\"mailto:juan.lujan@hotelescuela.org.ve\">juan.lujan@hotelescuela.org.ve<\/a>.<\/p>\n<p>Ac\u00e1 pueden ver el programa del Simposio XVI con los t\u00edtulos de ponencias, autores, lugares y horario en imagen (en formato JPG y PDF):<\/p>\n<p><a href=\"https:\/\/i0.wp.com\/antropologiasdelsur.org\/wp-content\/uploads\/2016\/10\/Programa-Simposio-16-Congreso-Antropolog%C3%ADas-del-Sur.jpg\"><img data-recalc-dims=\"1\" loading=\"lazy\" decoding=\"async\" data-attachment-id=\"366\" data-permalink=\"https:\/\/antropologiasdelsur.org\/?attachment_id=366#main\" data-orig-file=\"https:\/\/i0.wp.com\/antropologiasdelsur.org\/wp-content\/uploads\/2016\/10\/Programa-Simposio-16-Congreso-Antropolog%C3%ADas-del-Sur.jpg?fit=1676%2C2362&amp;ssl=1\" data-orig-size=\"1676,2362\" data-comments-opened=\"1\" data-image-meta=\"{&quot;aperture&quot;:&quot;0&quot;,&quot;credit&quot;:&quot;&quot;,&quot;camera&quot;:&quot;&quot;,&quot;caption&quot;:&quot;&quot;,&quot;created_timestamp&quot;:&quot;0&quot;,&quot;copyright&quot;:&quot;&quot;,&quot;focal_length&quot;:&quot;0&quot;,&quot;iso&quot;:&quot;0&quot;,&quot;shutter_speed&quot;:&quot;0&quot;,&quot;title&quot;:&quot;&quot;,&quot;orientation&quot;:&quot;1&quot;}\" data-image-title=\"programa-simposio-16-congreso-antropologias-del-sur\" data-image-description=\"\" data-image-caption=\"\" data-large-file=\"https:\/\/i0.wp.com\/antropologiasdelsur.org\/wp-content\/uploads\/2016\/10\/Programa-Simposio-16-Congreso-Antropolog%C3%ADas-del-Sur.jpg?fit=727%2C1024&amp;ssl=1\" class=\"alignnone wp-image-366\" src=\"https:\/\/i0.wp.com\/antropologiasdelsur.org\/wp-content\/uploads\/2016\/10\/Programa-Simposio-16-Congreso-Antropolog%C3%ADas-del-Sur-213x300.jpg?resize=813%2C1145\" alt=\"programa-simposio-16-congreso-antropologias-del-sur\" width=\"813\" height=\"1145\" \/><\/a><\/p>\n<p>Ac\u00e1 pueden descargar el PDF del programa del Simposio XVI:<\/p>\n<p><a href=\"http:\/\/antropologiasdelsur.org\/wp-content\/uploads\/2016\/10\/Programa-Simposio-16-Congreso-Antropolog\u00edas-del-Sur.pdf\">programa-simposio-16-congreso-antropologias-del-sur<\/a><\/p>\n","protected":false},"excerpt":{"rendered":"<p>El Primer Congreso Internacional de Antropolog\u00edas del Sur 2016 les presenta la programaci\u00f3n de sus 16 simposios, distribuidos en ocho ejes tem\u00e1ticos, a realizarse el martes 11, el jueves 13 y el viernes 14 de octubre pr\u00f3ximo en la ciudad de M\u00e9rida, Venezuela. Les recordamos que la entrada es libre y gratuita. EJE TEM\u00c1TICO: ANTROPOLOG\u00cdA<\/p>\n<p><a href=\"https:\/\/antropologiasdelsur.org\/?p=333\" class=\"more-link themebutton\">Leer m\u00e1s<\/a><\/p>\n","protected":false},"author":2,"featured_media":0,"comment_status":"open","ping_status":"open","sticky":false,"template":"","format":"standard","meta":{"_jetpack_newsletter_access":"","_jetpack_dont_email_post_to_subs":true,"_jetpack_newsletter_tier_id":0,"_jetpack_memberships_contains_paywalled_content":false,"_jetpack_memberships_contains_paid_content":false,"footnotes":""},"categories":[1],"tags":[],"class_list":["post-333","post","type-post","status-publish","format-standard","hentry","category-primer-congreso"],"jetpack_featured_media_url":"","jetpack_sharing_enabled":true,"jetpack_shortlink":"https:\/\/wp.me\/p7en3k-5n","jetpack-related-posts":[{"id":287,"url":"https:\/\/antropologiasdelsur.org\/?p=287","url_meta":{"origin":333,"position":0},"title":"Te invitamos a revisar la programaci\u00f3n del martes 11\/10 del 1er Congreso Internacional de Antropolog\u00edas del Sur 2016","author":"Annel Mej\u00edas","date":"30\/09\/2016","format":false,"excerpt":"El martes 11\/10 las actividades del Primer Congreso Internacional de Antropolog\u00edas del Sur 2016, M\u00e9rida, Venezuela, se realizar\u00e1n completamente en el Colegio Universitario Hotel Escuela de Los Andes Venezolanos (CUHELAV), ubicado en la avenida Universidad, al lado del Hotel Venetur, en la ciudad de M\u00e9rida, Venezuela. Ser\u00e1 entrada libre, gratuita.\u2026","rel":"","context":"En \u00abPrimer Congreso\u00bb","block_context":{"text":"Primer Congreso","link":"https:\/\/antropologiasdelsur.org\/?cat=1"},"img":{"alt_text":"programa-martes-11-10-2016-congreso-antropologias-del-sur_page_1","src":"https:\/\/i0.wp.com\/antropologiasdelsur.org\/wp-content\/uploads\/2016\/09\/PROGRAMA-MARTES-11-10-2016-CONGRESO-ANTROPOLOG%C3%8DAS-DEL-SUR_Page_1-300x177.jpg?resize=350%2C200","width":350,"height":200,"srcset":"https:\/\/i0.wp.com\/antropologiasdelsur.org\/wp-content\/uploads\/2016\/09\/PROGRAMA-MARTES-11-10-2016-CONGRESO-ANTROPOLOG%C3%8DAS-DEL-SUR_Page_1-300x177.jpg?resize=350%2C200 1x, https:\/\/i0.wp.com\/antropologiasdelsur.org\/wp-content\/uploads\/2016\/09\/PROGRAMA-MARTES-11-10-2016-CONGRESO-ANTROPOLOG%C3%8DAS-DEL-SUR_Page_1-300x177.jpg?resize=525%2C300 1.5x, https:\/\/i0.wp.com\/antropologiasdelsur.org\/wp-content\/uploads\/2016\/09\/PROGRAMA-MARTES-11-10-2016-CONGRESO-ANTROPOLOG%C3%8DAS-DEL-SUR_Page_1-300x177.jpg?resize=700%2C400 2x"},"classes":[]},{"id":314,"url":"https:\/\/antropologiasdelsur.org\/?p=314","url_meta":{"origin":333,"position":1},"title":"El viernes 14\/10 cerramos los simposios del 1er Congreso Internacional de Antropolog\u00edas del Sur 2016\u2026 ac\u00e1 est\u00e1 el programa de ese d\u00eda","author":"Annel Mej\u00edas","date":"30\/09\/2016","format":false,"excerpt":"El viernes 14\/10 cerramos con la programaci\u00f3n de simposios, el foro y la muestra audiovisual del Primer Congreso Internacional de Antropolog\u00edas del Sur 2016, M\u00e9rida, Venezuela, y el s\u00e1bado leeremos las conclusiones del trabajo de los 16 simposios y tendremos la conferencia central del profesor Eduardo Restrepo, de la Universidad\u2026","rel":"","context":"En \u00abPrimer Congreso\u00bb","block_context":{"text":"Primer Congreso","link":"https:\/\/antropologiasdelsur.org\/?cat=1"},"img":{"alt_text":"programa-viernes-14-10-2016-congreso-de-antropologias-del-sur_page_1","src":"https:\/\/i0.wp.com\/antropologiasdelsur.org\/wp-content\/uploads\/2016\/09\/PROGRAMA-VIERNES-14-10-2016-CONGRESO-DE-ANTROPOLOG%C3%8DAS-DEL-SUR_Page_1-1-300x185.jpg?resize=350%2C200","width":350,"height":200,"srcset":"https:\/\/i0.wp.com\/antropologiasdelsur.org\/wp-content\/uploads\/2016\/09\/PROGRAMA-VIERNES-14-10-2016-CONGRESO-DE-ANTROPOLOG%C3%8DAS-DEL-SUR_Page_1-1-300x185.jpg?resize=350%2C200 1x, https:\/\/i0.wp.com\/antropologiasdelsur.org\/wp-content\/uploads\/2016\/09\/PROGRAMA-VIERNES-14-10-2016-CONGRESO-DE-ANTROPOLOG%C3%8DAS-DEL-SUR_Page_1-1-300x185.jpg?resize=525%2C300 1.5x, https:\/\/i0.wp.com\/antropologiasdelsur.org\/wp-content\/uploads\/2016\/09\/PROGRAMA-VIERNES-14-10-2016-CONGRESO-DE-ANTROPOLOG%C3%8DAS-DEL-SUR_Page_1-1-300x185.jpg?resize=700%2C400 2x"},"classes":[]},{"id":305,"url":"https:\/\/antropologiasdelsur.org\/?p=305","url_meta":{"origin":333,"position":2},"title":"Te presentamos el programa del jueves 13\/10 del 1er Congreso Internacional de Antropolog\u00edas del Sur 2016","author":"Annel Mej\u00edas","date":"30\/09\/2016","format":false,"excerpt":"El jueves 13\/10 las conferencias centrales, simposios y muestra audiovisual del Primer Congreso Internacional de Antropolog\u00edas del Sur 2016, M\u00e9rida, Venezuela, se realizar\u00e1n en distintos espacios, ya que... \u00a1tomaremos el casco central de la ciudad de M\u00e9rida, Venezuela! Te recordamos que ser\u00e1 entrada libre, gratuita. Celebraremos contigo las siguientes actividades:\u2026","rel":"","context":"En \u00abPrimer Congreso\u00bb","block_context":{"text":"Primer Congreso","link":"https:\/\/antropologiasdelsur.org\/?cat=1"},"img":{"alt_text":"programa-jueves-13-10-2016-congreso-de-antropologias-del-sur_page_1","src":"https:\/\/i0.wp.com\/antropologiasdelsur.org\/wp-content\/uploads\/2016\/09\/PROGRAMA-JUEVES-13-10-2016-CONGRESO-DE-ANTROPOLOG%C3%8DAS-DEL-SUR_Page_1-1-300x185.jpg?resize=350%2C200","width":350,"height":200,"srcset":"https:\/\/i0.wp.com\/antropologiasdelsur.org\/wp-content\/uploads\/2016\/09\/PROGRAMA-JUEVES-13-10-2016-CONGRESO-DE-ANTROPOLOG%C3%8DAS-DEL-SUR_Page_1-1-300x185.jpg?resize=350%2C200 1x, https:\/\/i0.wp.com\/antropologiasdelsur.org\/wp-content\/uploads\/2016\/09\/PROGRAMA-JUEVES-13-10-2016-CONGRESO-DE-ANTROPOLOG%C3%8DAS-DEL-SUR_Page_1-1-300x185.jpg?resize=525%2C300 1.5x, https:\/\/i0.wp.com\/antropologiasdelsur.org\/wp-content\/uploads\/2016\/09\/PROGRAMA-JUEVES-13-10-2016-CONGRESO-DE-ANTROPOLOG%C3%8DAS-DEL-SUR_Page_1-1-300x185.jpg?resize=700%2C400 2x"},"classes":[]},{"id":372,"url":"https:\/\/antropologiasdelsur.org\/?p=372","url_meta":{"origin":333,"position":3},"title":"Presentamos el PROGRAMA GENERAL del Primer Congreso Internacional de Antropolog\u00edas del Sur 2016","author":"Annel Mej\u00edas","date":"01\/10\/2016","format":false,"excerpt":"Una exitosa convocatoria congreg\u00f3 m\u00e1s de 230 ponencias arbitradas de M\u00e9xico, Colombia, Brasil, Ecuador, Per\u00fa, Chile, Argentina, Madagascar, Ben\u00edn (de \u00c1frica) y Venezuela, el pa\u00eds anfitri\u00f3n que recibir\u00e1 en la ciudad de M\u00e9rida a conferencistas y ponentes del Primer Congreso Internacional de Antropolog\u00edas del Sur 2016, con el fin de\u2026","rel":"","context":"En \u00abPrimer Congreso\u00bb","block_context":{"text":"Primer Congreso","link":"https:\/\/antropologiasdelsur.org\/?cat=1"},"img":{"alt_text":"programa-general-1er-congreso-de-antropologias-del-sur_page_1","src":"https:\/\/i0.wp.com\/antropologiasdelsur.org\/wp-content\/uploads\/2016\/10\/PROGRAMA-General-1er-Congreso-de-Antropolog%C3%ADas-del-Sur_Page_1-300x193.jpg?resize=350%2C200","width":350,"height":200,"srcset":"https:\/\/i0.wp.com\/antropologiasdelsur.org\/wp-content\/uploads\/2016\/10\/PROGRAMA-General-1er-Congreso-de-Antropolog%C3%ADas-del-Sur_Page_1-300x193.jpg?resize=350%2C200 1x, https:\/\/i0.wp.com\/antropologiasdelsur.org\/wp-content\/uploads\/2016\/10\/PROGRAMA-General-1er-Congreso-de-Antropolog%C3%ADas-del-Sur_Page_1-300x193.jpg?resize=525%2C300 1.5x, https:\/\/i0.wp.com\/antropologiasdelsur.org\/wp-content\/uploads\/2016\/10\/PROGRAMA-General-1er-Congreso-de-Antropolog%C3%ADas-del-Sur_Page_1-300x193.jpg?resize=700%2C400 2x"},"classes":[]},{"id":253,"url":"https:\/\/antropologiasdelsur.org\/?p=253","url_meta":{"origin":333,"position":4},"title":"M\u00e1s de 230 ponencias se expondr\u00e1n en 1er Congreso Internacional de Antropolog\u00edas del Sur 2016","author":"Annel Mej\u00edas","date":"14\/09\/2016","format":false,"excerpt":"**En M\u00e9rida disertar\u00e1n las voces de investigadores de diez pa\u00edses de Am\u00e9rica Latina y \u00c1frica. La Red de Antropolog\u00edas del Sur organiza el evento, a realizarse desde el 10 hasta el 15 de octubre pr\u00f3ximo. Se presentar\u00e1n especialistas de 20 universidades venezolanas. T y F\/ Prensa Red de Antropolog\u00edas del\u2026","rel":"","context":"En \u00abPrimer Congreso\u00bb","block_context":{"text":"Primer Congreso","link":"https:\/\/antropologiasdelsur.org\/?cat=1"},"img":{"alt_text":"rdp-red-de-antropologias-del-sur-14-09-2016-1","src":"https:\/\/i0.wp.com\/antropologiasdelsur.org\/wp-content\/uploads\/2016\/09\/RdP-Red-de-Antropolog%C3%ADas-del-Sur-14-09-2016-1-300x225.jpg?resize=350%2C200","width":350,"height":200,"srcset":"https:\/\/i0.wp.com\/antropologiasdelsur.org\/wp-content\/uploads\/2016\/09\/RdP-Red-de-Antropolog%C3%ADas-del-Sur-14-09-2016-1-300x225.jpg?resize=350%2C200 1x, https:\/\/i0.wp.com\/antropologiasdelsur.org\/wp-content\/uploads\/2016\/09\/RdP-Red-de-Antropolog%C3%ADas-del-Sur-14-09-2016-1-300x225.jpg?resize=525%2C300 1.5x, https:\/\/i0.wp.com\/antropologiasdelsur.org\/wp-content\/uploads\/2016\/09\/RdP-Red-de-Antropolog%C3%ADas-del-Sur-14-09-2016-1-300x225.jpg?resize=700%2C400 2x"},"classes":[]},{"id":405,"url":"https:\/\/antropologiasdelsur.org\/?p=405","url_meta":{"origin":333,"position":5},"title":"En M\u00e9rida se inaugura Primer Congreso Internacional de Antropolog\u00edas del Sur 2016","author":"Annel Mej\u00edas","date":"17\/10\/2016","format":false,"excerpt":"M\u00e9rida, 11 de octubre. \"No podemos ser simples imitadores de los antrop\u00f3logos del norte, queremos idear las antropolog\u00edas del sur, porque all\u00ed estamos\", se\u00f1al\u00f3 Jacqueline Clarac como presidenta del I Congreso Internacional de Antropolog\u00edas del Sur en el acto de inauguraci\u00f3n, realizado el lunes 10 de octubre pasado y que\u2026","rel":"","context":"En \u00abPrimer Congreso\u00bb","block_context":{"text":"Primer Congreso","link":"https:\/\/antropologiasdelsur.org\/?cat=1"},"img":{"alt_text":"inauguracion","src":"https:\/\/i0.wp.com\/antropologiasdelsur.org\/wp-content\/uploads\/2016\/10\/Inauguraci%C3%B3n-300x100.jpg?resize=350%2C200","width":350,"height":200,"srcset":"https:\/\/i0.wp.com\/antropologiasdelsur.org\/wp-content\/uploads\/2016\/10\/Inauguraci%C3%B3n-300x100.jpg?resize=350%2C200 1x, https:\/\/i0.wp.com\/antropologiasdelsur.org\/wp-content\/uploads\/2016\/10\/Inauguraci%C3%B3n-300x100.jpg?resize=525%2C300 1.5x, https:\/\/i0.wp.com\/antropologiasdelsur.org\/wp-content\/uploads\/2016\/10\/Inauguraci%C3%B3n-300x100.jpg?resize=700%2C400 2x"},"classes":[]}],"_links":{"self":[{"href":"https:\/\/antropologiasdelsur.org\/index.php?rest_route=\/wp\/v2\/posts\/333","targetHints":{"allow":["GET"]}}],"collection":[{"href":"https:\/\/antropologiasdelsur.org\/index.php?rest_route=\/wp\/v2\/posts"}],"about":[{"href":"https:\/\/antropologiasdelsur.org\/index.php?rest_route=\/wp\/v2\/types\/post"}],"author":[{"embeddable":true,"href":"https:\/\/antropologiasdelsur.org\/index.php?rest_route=\/wp\/v2\/users\/2"}],"replies":[{"embeddable":true,"href":"https:\/\/antropologiasdelsur.org\/index.php?rest_route=%2Fwp%2Fv2%2Fcomments&post=333"}],"version-history":[{"count":58,"href":"https:\/\/antropologiasdelsur.org\/index.php?rest_route=\/wp\/v2\/posts\/333\/revisions"}],"predecessor-version":[{"id":1488,"href":"https:\/\/antropologiasdelsur.org\/index.php?rest_route=\/wp\/v2\/posts\/333\/revisions\/1488"}],"wp:attachment":[{"href":"https:\/\/antropologiasdelsur.org\/index.php?rest_route=%2Fwp%2Fv2%2Fmedia&parent=333"}],"wp:term":[{"taxonomy":"category","embeddable":true,"href":"https:\/\/antropologiasdelsur.org\/index.php?rest_route=%2Fwp%2Fv2%2Fcategories&post=333"},{"taxonomy":"post_tag","embeddable":true,"href":"https:\/\/antropologiasdelsur.org\/index.php?rest_route=%2Fwp%2Fv2%2Ftags&post=333"}],"curies":[{"name":"wp","href":"https:\/\/api.w.org\/{rel}","templated":true}]}}